{"id":62426,"date":"2025-12-18T10:21:41","date_gmt":"2025-12-18T13:21:41","guid":{"rendered":"https:\/\/hablemosclarotdf.com.ar\/?p=62426"},"modified":"2025-12-18T10:21:41","modified_gmt":"2025-12-18T13:21:41","slug":"gobierno-promueve-modelos-agroproductivos-sostenibles","status":"publish","type":"post","link":"https:\/\/hablemosclarotdf.com.ar\/?p=62426","title":{"rendered":"GOBIERNO PROMUEVE MODELOS AGROPRODUCTIVOS SOSTENIBLES"},"content":{"rendered":"<p>El Ministerio de Producci\u00f3n y Ambiente llev\u00f3 adelante una nueva actividad en el marco del Programa Provincial de Producci\u00f3n Org\u00e1nica, dirigida en esta oportunidad a la producci\u00f3n y manejo de biofertilizantes y biocontroladores en Producci\u00f3n Frutihort\u00edcola.<\/p>\n<p>Desde el Programa Provincial se impulsan capacitaciones y acciones de asistencia t\u00e9cnica orientadas a promover modelos agroproductivos m\u00e1s sostenibles, con especial \u00e9nfasis en la generaci\u00f3n de bioinsumos locales que contribuyan a mejorar la fertilidad de los suelos y el control biol\u00f3gico de plagas.<\/p>\n<p>En esta ocasi\u00f3n, la actividad estuvo a cargo de la Ing. Agr. Mar\u00eda Helena Irastorza, especialista en Producci\u00f3n Org\u00e1nica, con una destacada trayectoria en la producci\u00f3n de bioinsumos y en la gesti\u00f3n de calidad en la industria agroalimentaria, y actual vicepresidenta de MAPO. La propuesta combin\u00f3 instancias te\u00f3ricas y pr\u00e1cticas destinadas a fortalecer las herramientas disponibles para productores y productoras de la provincia.<\/p>\n<p>En esta edici\u00f3n las jornadas de transferencias se articularon, adem\u00e1s, con la carrera de Ingenier\u00eda en Agroecolog\u00eda de la Universidad Nacional de Tierra del Fuego (UNTDF). Estudiantes del Instituto de Ciencias Polares, Ambiente y Recursos Naturales participaron de las pr\u00e1cticas como parte del 4\u00b0 encuentro de la Pr\u00e1ctica de Campo \u201cProducci\u00f3n Agroecol\u00f3gica I\u201d, instancia obligatoria dentro de su formaci\u00f3n profesional. Esta participaci\u00f3n les permiti\u00f3 acreditar horas de campo y vincularse directamente con las realidades productivas del territorio, incorporando contenidos claves para la transici\u00f3n agroecol\u00f3gica.<\/p>\n<p>Durante la actividad tambi\u00e9n estuvo presente la Dra. responsable del proyecto de Biof\u00e1brica de la UNTDF, quien comparti\u00f3 la experiencia en el desarrollo de bioinsumos locales y promovi\u00f3 un espacio de intercambio para relevar las necesidades del sector productivo, con el fin de orientar futuros desarrollos aplicados.<\/p>\n<p>Con esta capacitaci\u00f3n se completa el ciclo iniciado en marzo y desarrollado a lo largo del 2025, que incluy\u00f3 pr\u00e1cticas en campo, asistencia t\u00e9cnica a productores y acompa\u00f1amiento en los procesos de certificaci\u00f3n org\u00e1nica. El objetivo central es seguir fortaleciendo al sector frutihort\u00edcola mediante herramientas accesibles, eficientes y sostenibles, que contribuyan al cuidado del ambiente y al crecimiento de la producci\u00f3n local.<\/p>\n<p><img loading=\"lazy\" decoding=\"async\" class=\"alignnone size-medium wp-image-62428\" src=\"https:\/\/hablemosclarotdf.com.ar\/wp-content\/uploads\/2025\/12\/photo_2025-12-18_10-19-54-300x225.jpg\" alt=\"\" width=\"300\" height=\"225\" srcset=\"https:\/\/hablemosclarotdf.com.ar\/wp-content\/uploads\/2025\/12\/photo_2025-12-18_10-19-54-300x225.jpg 300w, https:\/\/hablemosclarotdf.com.ar\/wp-content\/uploads\/2025\/12\/photo_2025-12-18_10-19-54-1024x768.jpg 1024w, https:\/\/hablemosclarotdf.com.ar\/wp-content\/uploads\/2025\/12\/photo_2025-12-18_10-19-54-768x576.jpg 768w, https:\/\/hablemosclarotdf.com.ar\/wp-content\/uploads\/2025\/12\/photo_2025-12-18_10-19-54.jpg 1280w\" sizes=\"auto, (max-width: 300px) 100vw, 300px\" \/> <img loading=\"lazy\" decoding=\"async\" class=\"alignnone size-medium wp-image-62429\" src=\"https:\/\/hablemosclarotdf.com.ar\/wp-content\/uploads\/2025\/12\/photo_2025-12-18_10-19-58-300x225.jpg\" alt=\"\" width=\"300\" height=\"225\" srcset=\"https:\/\/hablemosclarotdf.com.ar\/wp-content\/uploads\/2025\/12\/photo_2025-12-18_10-19-58-300x225.jpg 300w, https:\/\/hablemosclarotdf.com.ar\/wp-content\/uploads\/2025\/12\/photo_2025-12-18_10-19-58-1024x768.jpg 1024w, https:\/\/hablemosclarotdf.com.ar\/wp-content\/uploads\/2025\/12\/photo_2025-12-18_10-19-58-768x576.jpg 768w, https:\/\/hablemosclarotdf.com.ar\/wp-content\/uploads\/2025\/12\/photo_2025-12-18_10-19-58.jpg 1280w\" sizes=\"auto, (max-width: 300px) 100vw, 300px\" \/> <img loading=\"lazy\" decoding=\"async\" class=\"alignnone size-medium wp-image-62430\" src=\"https:\/\/hablemosclarotdf.com.ar\/wp-content\/uploads\/2025\/12\/photo_2025-12-18_10-20-02-300x225.jpg\" alt=\"\" width=\"300\" height=\"225\" srcset=\"https:\/\/hablemosclarotdf.com.ar\/wp-content\/uploads\/2025\/12\/photo_2025-12-18_10-20-02-300x225.jpg 300w, https:\/\/hablemosclarotdf.com.ar\/wp-content\/uploads\/2025\/12\/photo_2025-12-18_10-20-02-1024x768.jpg 1024w, https:\/\/hablemosclarotdf.com.ar\/wp-content\/uploads\/2025\/12\/photo_2025-12-18_10-20-02-768x576.jpg 768w, https:\/\/hablemosclarotdf.com.ar\/wp-content\/uploads\/2025\/12\/photo_2025-12-18_10-20-02.jpg 1280w\" sizes=\"auto, (max-width: 300px) 100vw, 300px\" \/> <img loading=\"lazy\" decoding=\"async\" class=\"alignnone size-medium wp-image-62431\" src=\"https:\/\/hablemosclarotdf.com.ar\/wp-content\/uploads\/2025\/12\/photo_2025-12-18_10-20-12-300x225.jpg\" alt=\"\" width=\"300\" height=\"225\" srcset=\"https:\/\/hablemosclarotdf.com.ar\/wp-content\/uploads\/2025\/12\/photo_2025-12-18_10-20-12-300x225.jpg 300w, https:\/\/hablemosclarotdf.com.ar\/wp-content\/uploads\/2025\/12\/photo_2025-12-18_10-20-12-1024x768.jpg 1024w, https:\/\/hablemosclarotdf.com.ar\/wp-content\/uploads\/2025\/12\/photo_2025-12-18_10-20-12-768x576.jpg 768w, https:\/\/hablemosclarotdf.com.ar\/wp-content\/uploads\/2025\/12\/photo_2025-12-18_10-20-12.jpg 1280w\" sizes=\"auto, (max-width: 300px) 100vw, 300px\" \/><\/p>\n","protected":false},"excerpt":{"rendered":"<p>El Ministerio de Producci\u00f3n y Ambiente llev\u00f3 adelante una nueva actividad en el marco del&#8230;<\/p>\n","protected":false},"author":1,"featured_media":62427,"comment_status":"closed","ping_status":"closed","sticky":false,"template":"","format":"standard","meta":{"footnotes":""},"categories":[3],"tags":[],"class_list":["post-62426","post","type-post","status-publish","format-standard","has-post-thumbnail","hentry","category-noticias"],"jetpack_featured_media_url":"https:\/\/hablemosclarotdf.com.ar\/wp-content\/uploads\/2025\/12\/photo_2025-12-18_10-19-45.jpg","_links":{"self":[{"href":"https:\/\/hablemosclarotdf.com.ar\/index.php?rest_route=\/wp\/v2\/posts\/62426","targetHints":{"allow":["GET"]}}],"collection":[{"href":"https:\/\/hablemosclarotdf.com.ar\/index.php?rest_route=\/wp\/v2\/posts"}],"about":[{"href":"https:\/\/hablemosclarotdf.com.ar\/index.php?rest_route=\/wp\/v2\/types\/post"}],"author":[{"embeddable":true,"href":"https:\/\/hablemosclarotdf.com.ar\/index.php?rest_route=\/wp\/v2\/users\/1"}],"replies":[{"embeddable":true,"href":"https:\/\/hablemosclarotdf.com.ar\/index.php?rest_route=%2Fwp%2Fv2%2Fcomments&post=62426"}],"version-history":[{"count":1,"href":"https:\/\/hablemosclarotdf.com.ar\/index.php?rest_route=\/wp\/v2\/posts\/62426\/revisions"}],"predecessor-version":[{"id":62432,"href":"https:\/\/hablemosclarotdf.com.ar\/index.php?rest_route=\/wp\/v2\/posts\/62426\/revisions\/62432"}],"wp:featuredmedia":[{"embeddable":true,"href":"https:\/\/hablemosclarotdf.com.ar\/index.php?rest_route=\/wp\/v2\/media\/62427"}],"wp:attachment":[{"href":"https:\/\/hablemosclarotdf.com.ar\/index.php?rest_route=%2Fwp%2Fv2%2Fmedia&parent=62426"}],"wp:term":[{"taxonomy":"category","embeddable":true,"href":"https:\/\/hablemosclarotdf.com.ar\/index.php?rest_route=%2Fwp%2Fv2%2Fcategories&post=62426"},{"taxonomy":"post_tag","embeddable":true,"href":"https:\/\/hablemosclarotdf.com.ar\/index.php?rest_route=%2Fwp%2Fv2%2Ftags&post=62426"}],"curies":[{"name":"wp","href":"https:\/\/api.w.org\/{rel}","templated":true}]}}