{"id":62420,"date":"2025-12-18T10:18:39","date_gmt":"2025-12-18T13:18:39","guid":{"rendered":"https:\/\/hablemosclarotdf.com.ar\/?p=62420"},"modified":"2025-12-18T10:18:39","modified_gmt":"2025-12-18T13:18:39","slug":"rio-grande-deporte-encuentro-e-inclusion-rio-grande-lanza-las-colonias-de-verano-2026","status":"publish","type":"post","link":"https:\/\/hablemosclarotdf.com.ar\/?p=62420","title":{"rendered":"RIO GRANDE : DEPORTE, ENCUENTRO E INCLUSI\u00d3N: R\u00cdO GRANDE LANZA LAS COLONIAS DE VERANO 2026"},"content":{"rendered":"<p>El Municipio de R\u00edo Grande invita a la comunidad a participar de las Colonias de Verano 2026, una propuesta integral destinada a ni\u00f1as, ni\u00f1os, adolescentes, j\u00f3venes con discapacidad y adultos mayores que deseen disfrutar de actividades recreativas y deportivas durante la temporada estival.<\/p>\n<p>Las colonias infantiles se desarrollar\u00e1n en dos turnos: de 09:30 a 12:30 horas para ni\u00f1as y ni\u00f1os de 4 a 6 a\u00f1os, y de 14:00 a 17:30 horas para los grupos de 7 a 9 a\u00f1os y de 10 a 12 a\u00f1os. Las actividades se llevar\u00e1n adelante en los siguientes espacios municipales: Polideportivo Carlos Margalot (Prefectura 670), Polideportivo Alejandro \u201cGuata\u201d Navarro (Av. Belgrano 970), Polideportivo Malvinas Argentinas (Giamarini 3419), Gimnasio Margen Sur (Wonska 490) y Gimnasio Juan Manuel de Rosas (Pasaje Virgen Milagrosa 50). La inscripci\u00f3n online para las colonias infantiles estar\u00e1 habilitada a partir del jueves 18 de diciembre a las 10:00 horas, a trav\u00e9s del sitio web portalciudadano.riogrande.gob.ar\/deportes, mientras que el inicio de las actividades est\u00e1 previsto para el lunes 5 de enero.<\/p>\n<p>En el marco de esta propuesta estival, el Municipio tambi\u00e9n llevar\u00e1 adelante la Colonia de Deporte Adaptado, destinada a ni\u00f1as, ni\u00f1os, adolescentes y j\u00f3venes con discapacidad. Las actividades se desarrollar\u00e1n de lunes a viernes en el Polideportivo Carlos Margalot. El Grupo 1, destinado a participantes de 5 a 12 a\u00f1os, funcionar\u00e1 de 14:00 a 15:30 horas, mientras que el Grupo 2, para j\u00f3venes de 13 a\u00f1os en adelante, se realizar\u00e1 de 15:30 a 17:00 horas. La propuesta incluye actividades l\u00fadicas, deportivas y est\u00edmulos de nataci\u00f3n, y la inscripci\u00f3n ser\u00e1 presencial en el Centro Deportivo Municipal, ubicado en Belgrano 970, a trav\u00e9s de la Direcci\u00f3n de Inclusi\u00f3n Deportiva.<\/p>\n<p>Por su parte, las colonias destinadas a adultos mayores comenzar\u00e1n tambi\u00e9n el lunes 5 de enero. En este caso, la inscripci\u00f3n ser\u00e1 presencial desde el jueves 18 de diciembre a las 10:00 horas, en el Centro Deportivo Municipal, en el horario de 09:00 a 17:00 horas.<\/p>\n<p>Al respecto, el gerente ejecutivo de la Agencia de Deportes, Cultura y Turismo, Sebasti\u00e1n Benda\u00f1a, expres\u00f3 que el verano es una oportunidad para encontrarse, compartir y disfrutar, y destac\u00f3 que el objetivo es que ni\u00f1as, ni\u00f1os y adultos mayores vivan experiencias que fortalezcan la amistad, la salud y el sentido de comunidad en los espacios deportivos municipales.<\/p>\n<p>Con estas iniciativas, la gesti\u00f3n municipal reafirma su compromiso de garantizar el acceso igualitario al deporte, la recreaci\u00f3n y la vida saludable, promoviendo espacios de encuentro y bienestar para todas las edades.<\/p>\n<p>portalciudadano.riogrande.gob.ar (https:\/\/portalciudadano.riogrande.gob.ar\/deportes)<br \/>\nPortal Ciudadano Deportes<br \/>\nPortal Ciudadano R\u00edo Grande! Inscripci\u00f3n a deportes.<\/p>\n<p><img loading=\"lazy\" decoding=\"async\" class=\"alignnone size-medium wp-image-62422\" src=\"https:\/\/hablemosclarotdf.com.ar\/wp-content\/uploads\/2025\/12\/photo_2025-12-18_10-17-27-300x200.jpg\" alt=\"\" width=\"300\" height=\"200\" srcset=\"https:\/\/hablemosclarotdf.com.ar\/wp-content\/uploads\/2025\/12\/photo_2025-12-18_10-17-27-300x200.jpg 300w, https:\/\/hablemosclarotdf.com.ar\/wp-content\/uploads\/2025\/12\/photo_2025-12-18_10-17-27-1024x683.jpg 1024w, https:\/\/hablemosclarotdf.com.ar\/wp-content\/uploads\/2025\/12\/photo_2025-12-18_10-17-27-768x512.jpg 768w, https:\/\/hablemosclarotdf.com.ar\/wp-content\/uploads\/2025\/12\/photo_2025-12-18_10-17-27.jpg 1080w\" sizes=\"auto, (max-width: 300px) 100vw, 300px\" \/> <img loading=\"lazy\" decoding=\"async\" class=\"alignnone size-medium wp-image-62423\" src=\"https:\/\/hablemosclarotdf.com.ar\/wp-content\/uploads\/2025\/12\/photo_2025-12-18_10-17-32-300x200.jpg\" alt=\"\" width=\"300\" height=\"200\" srcset=\"https:\/\/hablemosclarotdf.com.ar\/wp-content\/uploads\/2025\/12\/photo_2025-12-18_10-17-32-300x200.jpg 300w, https:\/\/hablemosclarotdf.com.ar\/wp-content\/uploads\/2025\/12\/photo_2025-12-18_10-17-32-1024x683.jpg 1024w, https:\/\/hablemosclarotdf.com.ar\/wp-content\/uploads\/2025\/12\/photo_2025-12-18_10-17-32-768x512.jpg 768w, https:\/\/hablemosclarotdf.com.ar\/wp-content\/uploads\/2025\/12\/photo_2025-12-18_10-17-32.jpg 1080w\" sizes=\"auto, (max-width: 300px) 100vw, 300px\" \/> <img loading=\"lazy\" decoding=\"async\" class=\"alignnone size-medium wp-image-62424\" src=\"https:\/\/hablemosclarotdf.com.ar\/wp-content\/uploads\/2025\/12\/photo_2025-12-18_10-17-37-300x200.jpg\" alt=\"\" width=\"300\" height=\"200\" srcset=\"https:\/\/hablemosclarotdf.com.ar\/wp-content\/uploads\/2025\/12\/photo_2025-12-18_10-17-37-300x200.jpg 300w, https:\/\/hablemosclarotdf.com.ar\/wp-content\/uploads\/2025\/12\/photo_2025-12-18_10-17-37-1024x683.jpg 1024w, https:\/\/hablemosclarotdf.com.ar\/wp-content\/uploads\/2025\/12\/photo_2025-12-18_10-17-37-768x512.jpg 768w, https:\/\/hablemosclarotdf.com.ar\/wp-content\/uploads\/2025\/12\/photo_2025-12-18_10-17-37.jpg 1080w\" sizes=\"auto, (max-width: 300px) 100vw, 300px\" \/><\/p>\n","protected":false},"excerpt":{"rendered":"<p>El Municipio de R\u00edo Grande invita a la comunidad a participar de las Colonias de&#8230;<\/p>\n","protected":false},"author":1,"featured_media":62421,"comment_status":"closed","ping_status":"closed","sticky":false,"template":"","format":"standard","meta":{"footnotes":""},"categories":[3],"tags":[],"class_list":["post-62420","post","type-post","status-publish","format-standard","has-post-thumbnail","hentry","category-noticias"],"jetpack_featured_media_url":"https:\/\/hablemosclarotdf.com.ar\/wp-content\/uploads\/2025\/12\/photo_2025-12-18_10-17-20.jpg","_links":{"self":[{"href":"https:\/\/hablemosclarotdf.com.ar\/index.php?rest_route=\/wp\/v2\/posts\/62420","targetHints":{"allow":["GET"]}}],"collection":[{"href":"https:\/\/hablemosclarotdf.com.ar\/index.php?rest_route=\/wp\/v2\/posts"}],"about":[{"href":"https:\/\/hablemosclarotdf.com.ar\/index.php?rest_route=\/wp\/v2\/types\/post"}],"author":[{"embeddable":true,"href":"https:\/\/hablemosclarotdf.com.ar\/index.php?rest_route=\/wp\/v2\/users\/1"}],"replies":[{"embeddable":true,"href":"https:\/\/hablemosclarotdf.com.ar\/index.php?rest_route=%2Fwp%2Fv2%2Fcomments&post=62420"}],"version-history":[{"count":1,"href":"https:\/\/hablemosclarotdf.com.ar\/index.php?rest_route=\/wp\/v2\/posts\/62420\/revisions"}],"predecessor-version":[{"id":62425,"href":"https:\/\/hablemosclarotdf.com.ar\/index.php?rest_route=\/wp\/v2\/posts\/62420\/revisions\/62425"}],"wp:featuredmedia":[{"embeddable":true,"href":"https:\/\/hablemosclarotdf.com.ar\/index.php?rest_route=\/wp\/v2\/media\/62421"}],"wp:attachment":[{"href":"https:\/\/hablemosclarotdf.com.ar\/index.php?rest_route=%2Fwp%2Fv2%2Fmedia&parent=62420"}],"wp:term":[{"taxonomy":"category","embeddable":true,"href":"https:\/\/hablemosclarotdf.com.ar\/index.php?rest_route=%2Fwp%2Fv2%2Fcategories&post=62420"},{"taxonomy":"post_tag","embeddable":true,"href":"https:\/\/hablemosclarotdf.com.ar\/index.php?rest_route=%2Fwp%2Fv2%2Ftags&post=62420"}],"curies":[{"name":"wp","href":"https:\/\/api.w.org\/{rel}","templated":true}]}}