{"id":62384,"date":"2025-12-17T19:10:02","date_gmt":"2025-12-17T22:10:02","guid":{"rendered":"https:\/\/hablemosclarotdf.com.ar\/?p=62384"},"modified":"2025-12-17T19:10:02","modified_gmt":"2025-12-17T22:10:02","slug":"c-d-tolhuin-acompanar-la-educacion-es-estar-presentes-en-cada-historia-que-se-construye-con-esfuerzo-constancia-y-suenos-%f0%9f%8c%b1%f0%9f%8e%93","status":"publish","type":"post","link":"https:\/\/hablemosclarotdf.com.ar\/?p=62384","title":{"rendered":"C.D.TOLHUIN : ACOMPA\u00d1AR LA EDUCACI\u00d3N ES ESTAR PRESENTES EN CADA HISTORIA QUE SE CONSTRUYE CON ESFUERZO, CONSTANCIA Y SUE\u00d1OS \ud83c\udf31\ud83c\udf93"},"content":{"rendered":"<p>Este fin de a\u00f1o el Concejo Deliberante acompa\u00f1\u00f3 a distintas instituciones de nuestra ciudad en sus actos de cierre de ciclo: el Centro de Artes y Oficios , la Escuela N\u00b0 5 \u201cMar\u00eda Jos\u00e9 Beauvoir\u201d y el CENS N\u00b0 2 \u201cIslas Malvinas\u201d.<\/p>\n<p>Tres espacios distintos, tres formas de aprender, una misma convicci\u00f3n: la educaci\u00f3n transforma. En la infancia, en la adultez, en la formaci\u00f3n de oficios y saberes, siempre hay alguien anim\u00e1ndose a dar un paso m\u00e1s.<\/p>\n<p>A trav\u00e9s de los concejales Matias Rodriguez Ojeda, Jeannette Alderete y Concejal Marcelo Mu\u00f1oz Fern\u00e1ndez, compartimos la alegr\u00eda de estudiantes, docentes y familias que celebran metas cumplidas y nuevos comienzos.<\/p>\n<p>Porque en Tolhuin se aprende en la escuela, en el taller y en la vida. Y cada egreso es un motivo para seguir creyendo en el futuro.<\/p>\n<p>\u00a1Felicitaciones a todos los egresados y egresadas!<\/p>\n<p><img loading=\"lazy\" decoding=\"async\" class=\"alignnone size-medium wp-image-62386\" src=\"https:\/\/hablemosclarotdf.com.ar\/wp-content\/uploads\/2025\/12\/photo_2025-12-17_19-09-05-300x300.jpg\" alt=\"\" width=\"300\" height=\"300\" srcset=\"https:\/\/hablemosclarotdf.com.ar\/wp-content\/uploads\/2025\/12\/photo_2025-12-17_19-09-05-300x300.jpg 300w, https:\/\/hablemosclarotdf.com.ar\/wp-content\/uploads\/2025\/12\/photo_2025-12-17_19-09-05-1024x1024.jpg 1024w, https:\/\/hablemosclarotdf.com.ar\/wp-content\/uploads\/2025\/12\/photo_2025-12-17_19-09-05-150x150.jpg 150w, https:\/\/hablemosclarotdf.com.ar\/wp-content\/uploads\/2025\/12\/photo_2025-12-17_19-09-05-768x768.jpg 768w, https:\/\/hablemosclarotdf.com.ar\/wp-content\/uploads\/2025\/12\/photo_2025-12-17_19-09-05.jpg 1280w\" sizes=\"auto, (max-width: 300px) 100vw, 300px\" \/> <img loading=\"lazy\" decoding=\"async\" class=\"alignnone size-medium wp-image-62387\" src=\"https:\/\/hablemosclarotdf.com.ar\/wp-content\/uploads\/2025\/12\/photo_2025-12-17_19-09-19-300x300.jpg\" alt=\"\" width=\"300\" height=\"300\" srcset=\"https:\/\/hablemosclarotdf.com.ar\/wp-content\/uploads\/2025\/12\/photo_2025-12-17_19-09-19-300x300.jpg 300w, https:\/\/hablemosclarotdf.com.ar\/wp-content\/uploads\/2025\/12\/photo_2025-12-17_19-09-19-1024x1024.jpg 1024w, https:\/\/hablemosclarotdf.com.ar\/wp-content\/uploads\/2025\/12\/photo_2025-12-17_19-09-19-150x150.jpg 150w, https:\/\/hablemosclarotdf.com.ar\/wp-content\/uploads\/2025\/12\/photo_2025-12-17_19-09-19-768x768.jpg 768w, https:\/\/hablemosclarotdf.com.ar\/wp-content\/uploads\/2025\/12\/photo_2025-12-17_19-09-19.jpg 1280w\" sizes=\"auto, (max-width: 300px) 100vw, 300px\" \/><\/p>\n","protected":false},"excerpt":{"rendered":"<p>Este fin de a\u00f1o el Concejo Deliberante acompa\u00f1\u00f3 a distintas instituciones de nuestra ciudad en&#8230;<\/p>\n","protected":false},"author":1,"featured_media":62385,"comment_status":"closed","ping_status":"closed","sticky":false,"template":"","format":"standard","meta":{"footnotes":""},"categories":[3],"tags":[],"class_list":["post-62384","post","type-post","status-publish","format-standard","has-post-thumbnail","hentry","category-noticias"],"jetpack_featured_media_url":"https:\/\/hablemosclarotdf.com.ar\/wp-content\/uploads\/2025\/12\/photo_2025-12-17_19-06-17.jpg","_links":{"self":[{"href":"https:\/\/hablemosclarotdf.com.ar\/index.php?rest_route=\/wp\/v2\/posts\/62384","targetHints":{"allow":["GET"]}}],"collection":[{"href":"https:\/\/hablemosclarotdf.com.ar\/index.php?rest_route=\/wp\/v2\/posts"}],"about":[{"href":"https:\/\/hablemosclarotdf.com.ar\/index.php?rest_route=\/wp\/v2\/types\/post"}],"author":[{"embeddable":true,"href":"https:\/\/hablemosclarotdf.com.ar\/index.php?rest_route=\/wp\/v2\/users\/1"}],"replies":[{"embeddable":true,"href":"https:\/\/hablemosclarotdf.com.ar\/index.php?rest_route=%2Fwp%2Fv2%2Fcomments&post=62384"}],"version-history":[{"count":1,"href":"https:\/\/hablemosclarotdf.com.ar\/index.php?rest_route=\/wp\/v2\/posts\/62384\/revisions"}],"predecessor-version":[{"id":62388,"href":"https:\/\/hablemosclarotdf.com.ar\/index.php?rest_route=\/wp\/v2\/posts\/62384\/revisions\/62388"}],"wp:featuredmedia":[{"embeddable":true,"href":"https:\/\/hablemosclarotdf.com.ar\/index.php?rest_route=\/wp\/v2\/media\/62385"}],"wp:attachment":[{"href":"https:\/\/hablemosclarotdf.com.ar\/index.php?rest_route=%2Fwp%2Fv2%2Fmedia&parent=62384"}],"wp:term":[{"taxonomy":"category","embeddable":true,"href":"https:\/\/hablemosclarotdf.com.ar\/index.php?rest_route=%2Fwp%2Fv2%2Fcategories&post=62384"},{"taxonomy":"post_tag","embeddable":true,"href":"https:\/\/hablemosclarotdf.com.ar\/index.php?rest_route=%2Fwp%2Fv2%2Ftags&post=62384"}],"curies":[{"name":"wp","href":"https:\/\/api.w.org\/{rel}","templated":true}]}}