{"id":62367,"date":"2025-12-17T16:12:16","date_gmt":"2025-12-17T19:12:16","guid":{"rendered":"https:\/\/hablemosclarotdf.com.ar\/?p=62367"},"modified":"2025-12-17T16:12:16","modified_gmt":"2025-12-17T19:12:16","slug":"rio-grande-el-paseo-canto-del-viento-navideno-llega-con-descuentos-y-sorteos","status":"publish","type":"post","link":"https:\/\/hablemosclarotdf.com.ar\/?p=62367","title":{"rendered":"RIO GRANDE : EL PASEO CANTO DEL VIENTO NAVIDE\u00d1O LLEGA CON DESCUENTOS Y SORTEOS"},"content":{"rendered":"<p>La propuesta se llevar\u00e1 adelante este s\u00e1bado 20 de diciembre, a partir de las 17 horas, en el Paseo Canto del Viento que est\u00e1 situado en Fagnano 650. Habr\u00e1 importantes descuentos y sorteos en pos de seguir fortaleciendo el desarrollo productivo de R\u00edo Grande y acompa\u00f1ar a emprendedores y productores locales.<\/p>\n<p>En el marco de las celebraciones navide\u00f1as, el Municipio de R\u00edo Grande, a trav\u00e9s de la Direcci\u00f3n de Desarrollo Local -perteneciente a la Secretar\u00eda de Desarrollo Productivo- invita a las vecinas y vecinos a disfrutar del Paseo Canto del Viento Navide\u00f1o que se realizar\u00e1 este s\u00e1bado 20 desde las 17 horas en Fagnano 650.<\/p>\n<p>Durante la jornada, las familias riograndenses podr\u00e1n recorrer el Paseo y acceder a descuentos especiales en el Mercado del Atl\u00e1ntico, adem\u00e1s de participar de sorteos de productos locales, con el objetivo de seguir impulsando el consumo de producci\u00f3n riograndense.<\/p>\n<p>A su vez, el evento contar\u00e1 con una propuesta recreativa pensada para grandes y chicos donde podr\u00e1n sacarse fotos con el Grinch, generando un espacio de encuentro, diversi\u00f3n y celebraci\u00f3n para toda la comunidad.<\/p>\n<p>Es importante destacar que estas iniciativas forman parte de las pol\u00edticas p\u00fablicas que el Municipio lleva adelante para acompa\u00f1ar a emprendedores, productores y comerciantes locales, promoviendo espacios de comercializaci\u00f3n, visibilizaci\u00f3n y disfrute para las familias.<\/p>\n<p>De esta forma, el Paseo Canto del Viento contin\u00faa consolid\u00e1ndose como un punto de encuentro en R\u00edo Grande, el fortalecimiento del desarrollo productivo y la construcci\u00f3n de una ciudad con m\u00e1s oportunidades para todas y todos.<\/p>\n","protected":false},"excerpt":{"rendered":"<p>La propuesta se llevar\u00e1 adelante este s\u00e1bado 20 de diciembre, a partir de las 17&#8230;<\/p>\n","protected":false},"author":1,"featured_media":62368,"comment_status":"closed","ping_status":"closed","sticky":false,"template":"","format":"standard","meta":{"footnotes":""},"categories":[3],"tags":[],"class_list":["post-62367","post","type-post","status-publish","format-standard","has-post-thumbnail","hentry","category-noticias"],"jetpack_featured_media_url":"https:\/\/hablemosclarotdf.com.ar\/wp-content\/uploads\/2025\/12\/photo_2025-12-17_16-11-39.jpg","_links":{"self":[{"href":"https:\/\/hablemosclarotdf.com.ar\/index.php?rest_route=\/wp\/v2\/posts\/62367","targetHints":{"allow":["GET"]}}],"collection":[{"href":"https:\/\/hablemosclarotdf.com.ar\/index.php?rest_route=\/wp\/v2\/posts"}],"about":[{"href":"https:\/\/hablemosclarotdf.com.ar\/index.php?rest_route=\/wp\/v2\/types\/post"}],"author":[{"embeddable":true,"href":"https:\/\/hablemosclarotdf.com.ar\/index.php?rest_route=\/wp\/v2\/users\/1"}],"replies":[{"embeddable":true,"href":"https:\/\/hablemosclarotdf.com.ar\/index.php?rest_route=%2Fwp%2Fv2%2Fcomments&post=62367"}],"version-history":[{"count":1,"href":"https:\/\/hablemosclarotdf.com.ar\/index.php?rest_route=\/wp\/v2\/posts\/62367\/revisions"}],"predecessor-version":[{"id":62369,"href":"https:\/\/hablemosclarotdf.com.ar\/index.php?rest_route=\/wp\/v2\/posts\/62367\/revisions\/62369"}],"wp:featuredmedia":[{"embeddable":true,"href":"https:\/\/hablemosclarotdf.com.ar\/index.php?rest_route=\/wp\/v2\/media\/62368"}],"wp:attachment":[{"href":"https:\/\/hablemosclarotdf.com.ar\/index.php?rest_route=%2Fwp%2Fv2%2Fmedia&parent=62367"}],"wp:term":[{"taxonomy":"category","embeddable":true,"href":"https:\/\/hablemosclarotdf.com.ar\/index.php?rest_route=%2Fwp%2Fv2%2Fcategories&post=62367"},{"taxonomy":"post_tag","embeddable":true,"href":"https:\/\/hablemosclarotdf.com.ar\/index.php?rest_route=%2Fwp%2Fv2%2Ftags&post=62367"}],"curies":[{"name":"wp","href":"https:\/\/api.w.org\/{rel}","templated":true}]}}