{"id":62354,"date":"2025-12-17T15:32:14","date_gmt":"2025-12-17T18:32:14","guid":{"rendered":"https:\/\/hablemosclarotdf.com.ar\/?p=62354"},"modified":"2025-12-17T15:32:14","modified_gmt":"2025-12-17T18:32:14","slug":"tierra-del-fuego-celebra-las-fiestas-con-un-recorrido-especial-de-papa-noel-en-toda-la-provincia","status":"publish","type":"post","link":"https:\/\/hablemosclarotdf.com.ar\/?p=62354","title":{"rendered":"TIERRA DEL FUEGO CELEBRA LAS FIESTAS CON UN RECORRIDO ESPECIAL DE PAP\u00c1 NOEL EN TODA LA PROVINCIA"},"content":{"rendered":"<p>El Gobierno de la Provincia invita a la comunidad a compartir una propuesta pensada para celebrar estas fiestas en familia y en comunidad: el Recorrido de Pap\u00e1 Noel, que llegar\u00e1 a los barrios de R\u00edo Grande, Ushuaia y Tolhuin.<\/p>\n<p>La iniciativa propone llevar el esp\u00edritu festivo a cada ciudad, generando espacios de encuentro en los barrios, donde las infancias podr\u00e1n acercarse, sacarse fotos, dejar su cartita y vivir una experiencia pensada para compartir, fortalecer la cercan\u00eda y acompa\u00f1ar a las familias fueguinas en estas fechas especiales.<\/p>\n<p>En R\u00edo Grande, el recorrido comenzar\u00e1 el s\u00e1bado 20 de diciembre a las 15 horas, visitando las zonas de Chacra N\u00b0 2 y 4 y CGT, con cierre en la Plaza de los 100 A\u00f1os. El domingo 21 de diciembre, desde las 11 horas, Pap\u00e1 Noel recorrer\u00e1 la Zona Centro, Casco Viejo, Intevu, Per\u00f3n y AGP, finalizando en la Plaza Almirante Brown. Ese mismo d\u00eda, a partir de las 16 horas, continuar\u00e1 por Margen Sur, Barrio Unido, Punta Popper, Arraigo y la zona de Chacras. El lunes 22 de diciembre, desde las 11 horas, visitar\u00e1 la Zona Cisnes, Vapor Amadeo, Chacra N\u00b0 11 y 12, San Mart\u00edn Norte, ATE, YPF, Barrio Policial y Altos de la Estancia.<\/p>\n<p>En Ushuaia, el recorrido se realizar\u00e1 el lunes 22 de diciembre, iniciando a las 15 horas en la Plaza Chupet\u00edn del barrio 640 viviendas, continuando a las 16 horas en la Plaza Ren\u00e9 Favaloro en el barrio R\u00edo Pipo, a las 17 horas en la Plaza Piedrabuena, y cerrando a las 17:30 horas con un recorrido por la Avenida San Mart\u00edn.<\/p>\n<p>En Tolhuin, la propuesta tendr\u00e1 lugar el s\u00e1bado 20 de diciembre a las 16 horas, con salida desde la Casa del Deporte, recorriendo los barrios Provincias Unidas y Nueve de Octubre, y finalizando en el evento \u201cTu Mercado\u201d, donde las infancias podr\u00e1n dejar su cartita a Pap\u00e1 Noel y sacarse fotos.<\/p>\n<p>La iniciativa forma parte de una agenda de actividades que impulsa el Gobierno Provincial para acompa\u00f1ar a las familias fueguinas durante la celebraci\u00f3n de estas fechas.<\/p>\n<p><img loading=\"lazy\" decoding=\"async\" class=\"alignnone size-medium wp-image-62357\" src=\"https:\/\/hablemosclarotdf.com.ar\/wp-content\/uploads\/2025\/12\/photo_2025-12-17_15-28-24-300x200.jpg\" alt=\"\" width=\"300\" height=\"200\" srcset=\"https:\/\/hablemosclarotdf.com.ar\/wp-content\/uploads\/2025\/12\/photo_2025-12-17_15-28-24-300x200.jpg 300w, https:\/\/hablemosclarotdf.com.ar\/wp-content\/uploads\/2025\/12\/photo_2025-12-17_15-28-24-1024x682.jpg 1024w, https:\/\/hablemosclarotdf.com.ar\/wp-content\/uploads\/2025\/12\/photo_2025-12-17_15-28-24-768x511.jpg 768w, https:\/\/hablemosclarotdf.com.ar\/wp-content\/uploads\/2025\/12\/photo_2025-12-17_15-28-24.jpg 1280w\" sizes=\"auto, (max-width: 300px) 100vw, 300px\" \/> <img loading=\"lazy\" decoding=\"async\" class=\"alignnone size-medium wp-image-62358\" src=\"https:\/\/hablemosclarotdf.com.ar\/wp-content\/uploads\/2025\/12\/photo_2025-12-17_15-28-31-300x200.jpg\" alt=\"\" width=\"300\" height=\"200\" srcset=\"https:\/\/hablemosclarotdf.com.ar\/wp-content\/uploads\/2025\/12\/photo_2025-12-17_15-28-31-300x200.jpg 300w, https:\/\/hablemosclarotdf.com.ar\/wp-content\/uploads\/2025\/12\/photo_2025-12-17_15-28-31-1024x682.jpg 1024w, https:\/\/hablemosclarotdf.com.ar\/wp-content\/uploads\/2025\/12\/photo_2025-12-17_15-28-31-768x511.jpg 768w, https:\/\/hablemosclarotdf.com.ar\/wp-content\/uploads\/2025\/12\/photo_2025-12-17_15-28-31.jpg 1280w\" sizes=\"auto, (max-width: 300px) 100vw, 300px\" \/> <img loading=\"lazy\" decoding=\"async\" class=\"alignnone size-medium wp-image-62359\" src=\"https:\/\/hablemosclarotdf.com.ar\/wp-content\/uploads\/2025\/12\/photo_2025-12-17_15-28-45-240x300.jpg\" alt=\"\" width=\"240\" height=\"300\" srcset=\"https:\/\/hablemosclarotdf.com.ar\/wp-content\/uploads\/2025\/12\/photo_2025-12-17_15-28-45-240x300.jpg 240w, https:\/\/hablemosclarotdf.com.ar\/wp-content\/uploads\/2025\/12\/photo_2025-12-17_15-28-45-819x1024.jpg 819w, https:\/\/hablemosclarotdf.com.ar\/wp-content\/uploads\/2025\/12\/photo_2025-12-17_15-28-45-768x960.jpg 768w, https:\/\/hablemosclarotdf.com.ar\/wp-content\/uploads\/2025\/12\/photo_2025-12-17_15-28-45.jpg 1024w\" sizes=\"auto, (max-width: 240px) 100vw, 240px\" \/> <img loading=\"lazy\" decoding=\"async\" class=\"alignnone size-medium wp-image-62360\" src=\"https:\/\/hablemosclarotdf.com.ar\/wp-content\/uploads\/2025\/12\/photo_2025-12-17_15-28-51-240x300.jpg\" alt=\"\" width=\"240\" height=\"300\" srcset=\"https:\/\/hablemosclarotdf.com.ar\/wp-content\/uploads\/2025\/12\/photo_2025-12-17_15-28-51-240x300.jpg 240w, https:\/\/hablemosclarotdf.com.ar\/wp-content\/uploads\/2025\/12\/photo_2025-12-17_15-28-51-819x1024.jpg 819w, https:\/\/hablemosclarotdf.com.ar\/wp-content\/uploads\/2025\/12\/photo_2025-12-17_15-28-51-768x960.jpg 768w, https:\/\/hablemosclarotdf.com.ar\/wp-content\/uploads\/2025\/12\/photo_2025-12-17_15-28-51.jpg 1024w\" sizes=\"auto, (max-width: 240px) 100vw, 240px\" \/> <img loading=\"lazy\" decoding=\"async\" class=\"alignnone size-medium wp-image-62361\" src=\"https:\/\/hablemosclarotdf.com.ar\/wp-content\/uploads\/2025\/12\/photo_2025-12-17_15-28-56-240x300.jpg\" alt=\"\" width=\"240\" height=\"300\" srcset=\"https:\/\/hablemosclarotdf.com.ar\/wp-content\/uploads\/2025\/12\/photo_2025-12-17_15-28-56-240x300.jpg 240w, https:\/\/hablemosclarotdf.com.ar\/wp-content\/uploads\/2025\/12\/photo_2025-12-17_15-28-56-819x1024.jpg 819w, https:\/\/hablemosclarotdf.com.ar\/wp-content\/uploads\/2025\/12\/photo_2025-12-17_15-28-56-768x960.jpg 768w, https:\/\/hablemosclarotdf.com.ar\/wp-content\/uploads\/2025\/12\/photo_2025-12-17_15-28-56.jpg 1024w\" sizes=\"auto, (max-width: 240px) 100vw, 240px\" \/> <img loading=\"lazy\" decoding=\"async\" class=\"alignnone size-medium wp-image-62362\" src=\"https:\/\/hablemosclarotdf.com.ar\/wp-content\/uploads\/2025\/12\/photo_2025-12-17_15-29-02-240x300.jpg\" alt=\"\" width=\"240\" height=\"300\" srcset=\"https:\/\/hablemosclarotdf.com.ar\/wp-content\/uploads\/2025\/12\/photo_2025-12-17_15-29-02-240x300.jpg 240w, https:\/\/hablemosclarotdf.com.ar\/wp-content\/uploads\/2025\/12\/photo_2025-12-17_15-29-02-819x1024.jpg 819w, https:\/\/hablemosclarotdf.com.ar\/wp-content\/uploads\/2025\/12\/photo_2025-12-17_15-29-02-768x960.jpg 768w, https:\/\/hablemosclarotdf.com.ar\/wp-content\/uploads\/2025\/12\/photo_2025-12-17_15-29-02.jpg 1024w\" sizes=\"auto, (max-width: 240px) 100vw, 240px\" \/><\/p>\n","protected":false},"excerpt":{"rendered":"<p>El Gobierno de la Provincia invita a la comunidad a compartir una propuesta pensada para&#8230;<\/p>\n","protected":false},"author":1,"featured_media":62356,"comment_status":"closed","ping_status":"closed","sticky":false,"template":"","format":"standard","meta":{"footnotes":""},"categories":[3],"tags":[],"class_list":["post-62354","post","type-post","status-publish","format-standard","has-post-thumbnail","hentry","category-noticias"],"jetpack_featured_media_url":"https:\/\/hablemosclarotdf.com.ar\/wp-content\/uploads\/2025\/12\/photo_2025-12-17_15-28-19.jpg","_links":{"self":[{"href":"https:\/\/hablemosclarotdf.com.ar\/index.php?rest_route=\/wp\/v2\/posts\/62354","targetHints":{"allow":["GET"]}}],"collection":[{"href":"https:\/\/hablemosclarotdf.com.ar\/index.php?rest_route=\/wp\/v2\/posts"}],"about":[{"href":"https:\/\/hablemosclarotdf.com.ar\/index.php?rest_route=\/wp\/v2\/types\/post"}],"author":[{"embeddable":true,"href":"https:\/\/hablemosclarotdf.com.ar\/index.php?rest_route=\/wp\/v2\/users\/1"}],"replies":[{"embeddable":true,"href":"https:\/\/hablemosclarotdf.com.ar\/index.php?rest_route=%2Fwp%2Fv2%2Fcomments&post=62354"}],"version-history":[{"count":1,"href":"https:\/\/hablemosclarotdf.com.ar\/index.php?rest_route=\/wp\/v2\/posts\/62354\/revisions"}],"predecessor-version":[{"id":62363,"href":"https:\/\/hablemosclarotdf.com.ar\/index.php?rest_route=\/wp\/v2\/posts\/62354\/revisions\/62363"}],"wp:featuredmedia":[{"embeddable":true,"href":"https:\/\/hablemosclarotdf.com.ar\/index.php?rest_route=\/wp\/v2\/media\/62356"}],"wp:attachment":[{"href":"https:\/\/hablemosclarotdf.com.ar\/index.php?rest_route=%2Fwp%2Fv2%2Fmedia&parent=62354"}],"wp:term":[{"taxonomy":"category","embeddable":true,"href":"https:\/\/hablemosclarotdf.com.ar\/index.php?rest_route=%2Fwp%2Fv2%2Fcategories&post=62354"},{"taxonomy":"post_tag","embeddable":true,"href":"https:\/\/hablemosclarotdf.com.ar\/index.php?rest_route=%2Fwp%2Fv2%2Ftags&post=62354"}],"curies":[{"name":"wp","href":"https:\/\/api.w.org\/{rel}","templated":true}]}}