{"id":62343,"date":"2025-12-17T12:19:56","date_gmt":"2025-12-17T15:19:56","guid":{"rendered":"https:\/\/hablemosclarotdf.com.ar\/?p=62343"},"modified":"2025-12-17T12:19:56","modified_gmt":"2025-12-17T15:19:56","slug":"rio-grande-el-municipio-acompana-a-urvox-tv-en-la-celebracion-de-una-navidad-solidaria","status":"publish","type":"post","link":"https:\/\/hablemosclarotdf.com.ar\/?p=62343","title":{"rendered":"RIO GRANDE : EL MUNICIPIO ACOMPA\u00d1A A URVOX TV EN LA CELEBRACI\u00d3N DE UNA NAVIDAD SOLIDARIA"},"content":{"rendered":"<p>En el marco de las fiestas, El Municipio de R\u00edo Grande invita a la comunidad a participar del evento solidario de Navidad organizado por URVOX TV. El mismo se desarrollar\u00e1 el d\u00eda lunes 22 de diciembre a las 21 horas en la Casa de la Cultura, con el objetivo de generar un espacio de encuentro, celebraci\u00f3n y solidaridad, con m\u00fasica en vivo, espect\u00e1culos art\u00edsticos y sorpresas para toda la familia.<\/p>\n<p>El evento ser\u00e1 una jornada especial que combina entretenimiento, m\u00fasica en vivo y compromiso social, con un esp\u00edritu solidario propio de estas fechas. Aquellos que deseen participar, se solicita como \u00fanico requisito colaborar con un alimento no perecedero o un juguete en buen estado, que ser\u00e1n destinados a acciones solidarias.<\/p>\n<p>Durante la actividad se presentar\u00e1 oficialmente parte de la programaci\u00f3n de URVOX TV, con la participaci\u00f3n de los programas \u201cCon 2 de Az\u00facar\u201d, \u201cREMIX\u201d, \u201cFiguras del Espect\u00e1culo\u201d y \u201cClub Verit\u00e9\u201d. Estas propuestas reflejan la identidad del canal y su apuesta por los contenidos locales, el entretenimiento y la pluralidad de voces.<\/p>\n<p>Adem\u00e1s, se llevar\u00e1n a cabo espect\u00e1culos art\u00edsticos de la mano del grupo \u201cVersatile Crew\u201d con danzas urbanas, mientras que la m\u00fasica en vivo estar\u00e1 a cargo de La Mowband, Vianant y Dino Jarach, con shows que recorren el rock alternativo y el rap, ofreciendo una propuesta variada y din\u00e1mica para el p\u00fablico.<\/p>\n<p>De esta manera, el Municipio de R\u00edo Grande invita a la comunidad a acompa\u00f1a esta significativa celebraci\u00f3n que busca promueve la solidaridad, mediante el fortalecimiento de la cultura y el desarrollo de nuestra ciudad.<\/p>\n","protected":false},"excerpt":{"rendered":"<p>En el marco de las fiestas, El Municipio de R\u00edo Grande invita a la comunidad&#8230;<\/p>\n","protected":false},"author":1,"featured_media":62344,"comment_status":"closed","ping_status":"closed","sticky":false,"template":"","format":"standard","meta":{"footnotes":""},"categories":[3],"tags":[],"class_list":["post-62343","post","type-post","status-publish","format-standard","has-post-thumbnail","hentry","category-noticias"],"jetpack_featured_media_url":"https:\/\/hablemosclarotdf.com.ar\/wp-content\/uploads\/2025\/12\/photo_2025-12-17_12-19-22.jpg","_links":{"self":[{"href":"https:\/\/hablemosclarotdf.com.ar\/index.php?rest_route=\/wp\/v2\/posts\/62343","targetHints":{"allow":["GET"]}}],"collection":[{"href":"https:\/\/hablemosclarotdf.com.ar\/index.php?rest_route=\/wp\/v2\/posts"}],"about":[{"href":"https:\/\/hablemosclarotdf.com.ar\/index.php?rest_route=\/wp\/v2\/types\/post"}],"author":[{"embeddable":true,"href":"https:\/\/hablemosclarotdf.com.ar\/index.php?rest_route=\/wp\/v2\/users\/1"}],"replies":[{"embeddable":true,"href":"https:\/\/hablemosclarotdf.com.ar\/index.php?rest_route=%2Fwp%2Fv2%2Fcomments&post=62343"}],"version-history":[{"count":1,"href":"https:\/\/hablemosclarotdf.com.ar\/index.php?rest_route=\/wp\/v2\/posts\/62343\/revisions"}],"predecessor-version":[{"id":62345,"href":"https:\/\/hablemosclarotdf.com.ar\/index.php?rest_route=\/wp\/v2\/posts\/62343\/revisions\/62345"}],"wp:featuredmedia":[{"embeddable":true,"href":"https:\/\/hablemosclarotdf.com.ar\/index.php?rest_route=\/wp\/v2\/media\/62344"}],"wp:attachment":[{"href":"https:\/\/hablemosclarotdf.com.ar\/index.php?rest_route=%2Fwp%2Fv2%2Fmedia&parent=62343"}],"wp:term":[{"taxonomy":"category","embeddable":true,"href":"https:\/\/hablemosclarotdf.com.ar\/index.php?rest_route=%2Fwp%2Fv2%2Fcategories&post=62343"},{"taxonomy":"post_tag","embeddable":true,"href":"https:\/\/hablemosclarotdf.com.ar\/index.php?rest_route=%2Fwp%2Fv2%2Ftags&post=62343"}],"curies":[{"name":"wp","href":"https:\/\/api.w.org\/{rel}","templated":true}]}}