{"id":62323,"date":"2025-12-17T11:42:04","date_gmt":"2025-12-17T14:42:04","guid":{"rendered":"https:\/\/hablemosclarotdf.com.ar\/?p=62323"},"modified":"2025-12-17T11:43:55","modified_gmt":"2025-12-17T14:43:55","slug":"rio-grande-destino-mas-de-9-300-millones-para-sostener-y-ampliar-su-sistema-de-salud-ante-una-demanda-en-crecimiento","status":"publish","type":"post","link":"https:\/\/hablemosclarotdf.com.ar\/?p=62323","title":{"rendered":"R\u00cdO GRANDE DESTIN\u00d3 M\u00c1S DE $9.300 MILLONES PARA SOSTENER Y AMPLIAR SU SISTEMA DE SALUD ANTE UNA DEMANDA EN CRECIMIENTO"},"content":{"rendered":"<p>El Municipio de R\u00edo Grande present\u00f3 el balance 2025 del \u00e1rea de Salud: m\u00e1s de $9.300 millones invertidos para sostener, fortalecer y expandir los servicios municipales, en un contexto donde cada vez m\u00e1s vecinos dependen del sistema p\u00fablico de salud.<\/p>\n<p>Seg\u00fan la informaci\u00f3n oficial, la mayor parte del aumento en las consultas y la atenci\u00f3n provino de vecinos sin obra social, familias amparadas \u00fanicamente por el programa nacional SUMAR y afiliados a OSEF. Por otra parte, se sostienen las consultas y la atenci\u00f3n a vecinos que cuentan con cobertura de salud, en el marco de los convenios vigentes con las obras sociales.<\/p>\n<p>El subsecretario de Salud, Dr. Agust\u00edn P\u00e9rez, remarc\u00f3 que este salto en la demanda oblig\u00f3 al Municipio a profundizar su pol\u00edtica sanitaria. \u201cEs prioridad de la gesti\u00f3n municipal, pese al contexto actual, continuar sosteniendo y fortaleciendo los 15 dispositivos de salud distribuidos en diferentes puntos de la ciudad . No s\u00f3lo a trav\u00e9s de la eficiencia en la gesti\u00f3n de los recursos, sino tambi\u00e9n mediante diferentes programas de prevenci\u00f3n de salud\u201d.<\/p>\n<p>Un sistema municipal que creci\u00f3 en espacios, profesionales y especialidades<\/p>\n<p>Del total ejecutado, los m\u00e1s de $9.300 millones se destinaron al funcionamiento integral de la red sanitaria municipal. Esto incluy\u00f3:<\/p>\n<p>&#8211; Sostenimiento de la planta de trabajadores y trabajadoras.<br \/>\n&#8211; Contrataci\u00f3n de profesionales m\u00e9dicos y t\u00e9cnicos.<br \/>\n&#8211; Compra de insumos esenciales.<br \/>\n&#8211; Equipamiento y mantenimiento operativo.<br \/>\n&#8211; Fortalecimiento de dispositivos estrat\u00e9gicos distribuidos en toda la ciudad.<\/p>\n<p>El detalle de inversi\u00f3n municipal tambi\u00e9n remarca la expansi\u00f3n en \u00e1reas claves como atenci\u00f3n primaria, rehabilitaci\u00f3n, salud mental, laboratorio, especialidades m\u00e9dicas, infancias y maternidades, adem\u00e1s de los programas de promoci\u00f3n y prevenci\u00f3n en territorio.<\/p>\n<p>Uno de los pilares fue la continuidad de centros fundamentales para la comunidad, entre ellos el Centro M\u00e9dico de Rehabilitaci\u00f3n \u201cMam\u00e1 Margarita\u201d, el Centro Municipal de las Infancias, el Laboratorio de An\u00e1lisis Cl\u00ednicos y Biolog\u00eda Molecular, los Centros de Salud Mental, el Centro de Especialidades M\u00e9dicas y los Dispositivos territoriales de atenci\u00f3n primaria.<\/p>\n<p>A esto se suma la formaci\u00f3n de articuladores comunitarios de salud, una pol\u00edtica que el Municipio incorpor\u00f3 de manera estrat\u00e9gica para fortalecer la presencia en los barrios y mejorar la accesibilidad al sistema.<\/p>\n<p>Una demanda en alza que debe ser atendida<\/p>\n<p>Desde la Secretar\u00eda de Salud se\u00f1alaron el incremento significativo en consultas y tratamientos no s\u00f3lo de vecinos sin cobertura formal, sino tambi\u00e9n por parte de quienes si cuentan.<\/p>\n<p>La tendencia deja en evidencia el rol que asumi\u00f3 R\u00edo Grande en 2025: un municipio que debi\u00f3 absorber la demanda creciente, ampliando sus servicios y reorganizando recursos para sostener la atenci\u00f3n de miles de vecinos.<\/p>\n<p>Una decisi\u00f3n pol\u00edtica sostenida<\/p>\n<p>El balance anual confirma que la salud p\u00fablica se consolid\u00f3 como una de las \u00e1reas prioritarias de inversi\u00f3n municipal. En palabras de Perez, el objetivo es claro: \u201cgarantizar un sistema p\u00fablico de salud accesible, cercano y plenamente operativo para todos los vecinos y vecinas\u201d.<\/p>\n<p>Con m\u00e1s de $9.300 millones ejecutados, 15 centros en funcionamiento y una red sanitaria en expansi\u00f3n, el Municipio de R\u00edo Grande cerr\u00f3 el a\u00f1o reafirmando su compromiso inclaudicable: en un contexto de crisis, la salud p\u00fablica no se ajusta; por el contrario: se sostiene y se fortalece.<\/p>\n<p><img loading=\"lazy\" decoding=\"async\" class=\"alignnone size-medium wp-image-62324\" src=\"https:\/\/hablemosclarotdf.com.ar\/wp-content\/uploads\/2025\/12\/photo_2025-12-17_11-41-03-300x200.jpg\" alt=\"\" width=\"300\" height=\"200\" srcset=\"https:\/\/hablemosclarotdf.com.ar\/wp-content\/uploads\/2025\/12\/photo_2025-12-17_11-41-03-300x200.jpg 300w, https:\/\/hablemosclarotdf.com.ar\/wp-content\/uploads\/2025\/12\/photo_2025-12-17_11-41-03-1024x682.jpg 1024w, https:\/\/hablemosclarotdf.com.ar\/wp-content\/uploads\/2025\/12\/photo_2025-12-17_11-41-03-768x512.jpg 768w, https:\/\/hablemosclarotdf.com.ar\/wp-content\/uploads\/2025\/12\/photo_2025-12-17_11-41-03.jpg 1280w\" sizes=\"auto, (max-width: 300px) 100vw, 300px\" \/><\/p>\n","protected":false},"excerpt":{"rendered":"<p>El Municipio de R\u00edo Grande present\u00f3 el balance 2025 del \u00e1rea de Salud: m\u00e1s de&#8230;<\/p>\n","protected":false},"author":1,"featured_media":62325,"comment_status":"closed","ping_status":"closed","sticky":false,"template":"","format":"standard","meta":{"footnotes":""},"categories":[3],"tags":[],"class_list":["post-62323","post","type-post","status-publish","format-standard","has-post-thumbnail","hentry","category-noticias"],"jetpack_featured_media_url":"https:\/\/hablemosclarotdf.com.ar\/wp-content\/uploads\/2025\/12\/photo_2025-12-17_11-41-13.jpg","_links":{"self":[{"href":"https:\/\/hablemosclarotdf.com.ar\/index.php?rest_route=\/wp\/v2\/posts\/62323","targetHints":{"allow":["GET"]}}],"collection":[{"href":"https:\/\/hablemosclarotdf.com.ar\/index.php?rest_route=\/wp\/v2\/posts"}],"about":[{"href":"https:\/\/hablemosclarotdf.com.ar\/index.php?rest_route=\/wp\/v2\/types\/post"}],"author":[{"embeddable":true,"href":"https:\/\/hablemosclarotdf.com.ar\/index.php?rest_route=\/wp\/v2\/users\/1"}],"replies":[{"embeddable":true,"href":"https:\/\/hablemosclarotdf.com.ar\/index.php?rest_route=%2Fwp%2Fv2%2Fcomments&post=62323"}],"version-history":[{"count":2,"href":"https:\/\/hablemosclarotdf.com.ar\/index.php?rest_route=\/wp\/v2\/posts\/62323\/revisions"}],"predecessor-version":[{"id":62329,"href":"https:\/\/hablemosclarotdf.com.ar\/index.php?rest_route=\/wp\/v2\/posts\/62323\/revisions\/62329"}],"wp:featuredmedia":[{"embeddable":true,"href":"https:\/\/hablemosclarotdf.com.ar\/index.php?rest_route=\/wp\/v2\/media\/62325"}],"wp:attachment":[{"href":"https:\/\/hablemosclarotdf.com.ar\/index.php?rest_route=%2Fwp%2Fv2%2Fmedia&parent=62323"}],"wp:term":[{"taxonomy":"category","embeddable":true,"href":"https:\/\/hablemosclarotdf.com.ar\/index.php?rest_route=%2Fwp%2Fv2%2Fcategories&post=62323"},{"taxonomy":"post_tag","embeddable":true,"href":"https:\/\/hablemosclarotdf.com.ar\/index.php?rest_route=%2Fwp%2Fv2%2Ftags&post=62323"}],"curies":[{"name":"wp","href":"https:\/\/api.w.org\/{rel}","templated":true}]}}