{"id":62320,"date":"2025-12-17T11:39:24","date_gmt":"2025-12-17T14:39:24","guid":{"rendered":"https:\/\/hablemosclarotdf.com.ar\/?p=62320"},"modified":"2025-12-17T11:39:24","modified_gmt":"2025-12-17T14:39:24","slug":"ushuaia-la-municipalidad-lanzo-la-convocatoria-al-carnaval-del-fin-del-mundo-2026","status":"publish","type":"post","link":"https:\/\/hablemosclarotdf.com.ar\/?p=62320","title":{"rendered":"USHUAIA : LA MUNICIPALIDAD  LANZ\u00d3 LA CONVOCATORIA AL \u201cCARNAVAL DEL FIN DEL MUNDO 2026\u201d"},"content":{"rendered":"<p>Las expresiones de carnaval podr\u00e1n inscribirse hasta el 19 de enero inclusive<\/p>\n<p>La Secretar\u00eda de Cultura y Educaci\u00f3n de la Municipalidad de Ushuaia lanz\u00f3 la convocatoria al \u201cCarnaval del Fin del Mundo 2026\u201d, invitando a agrupaciones y expresiones de carnaval que deseen participar del gran festejo popular.<br \/>\nLas y los interesados, tendr\u00e1n tiempo desde el 17 de diciembre hasta el 19 de enero inclusive, pudiendo sumarse a la oferta de actividades que propone la Municipalidad de Ushuaia para este festejo popular como la Gala de Carnaval y los Carnavales Centrales. Qui\u00e9nes deseen realizar la inscripci\u00f3n, podr\u00e1n acceder al formulario en: https:\/\/forms.gle\/G3w6cokfrDXkCP3x8, as\u00ed como en las redes sociales de la Municipalidad en @UshuaiaMunicipalidad.<br \/>\nBel\u00e9n Molina, secretaria de Cultura y Educaci\u00f3n, destac\u00f3 que \u201ccomo cada a\u00f1o, invitamos a las organizaciones, agrupaciones y expresiones de carnaval a ser parte de este gran festejo popular, que desde la gesti\u00f3n hemos jerarquizado y fortalecido, llenando los barrios y las calles de la ciudad con color, m\u00fasica y baile; visibilizando el trabajo que realizan las expresiones y compartiendo juntos y juntas la diversidad cultural que caracteriza a nuestra ciudad\u201d.<br \/>\nPara conocer m\u00e1s sobre la convocatoria al \u201cCarnaval del Fin del Mundo 2026\u201d, las y los interesados podr\u00e1n visitar las redes sociales de la Municipalidad de Ushuaia y de la Secretar\u00eda de Cultura y Educaci\u00f3n en @UshuaiaMunicipalidad y @culturayeducacionush respectivamente.<\/p>\n<p>Google Docs (https:\/\/forms.gle\/G3w6cokfrDXkCP3x8)<br \/>\nInscripci\u00f3n al Carnaval del Fin del Mundo 2026<br \/>\nCARNAVAL DEL FIN DEL MUNDO 2026 \ud83c\udf8a<br \/>\nAbrimos convocatoria a todas las Expresiones de Carnaval para que puedan ser parte de \u00e9ste gran festejo que se llevar\u00e1 a cabo el 14, 16 y 17 de febrero de 2026 \ud83c\udf89<br \/>\nInscrib\u00ed a tu agrupaci\u00f3n en este formulario y una vez lleno acercate de manera presencial \u2b07\ufe0f<br \/>\n\ud83d\uddd3 Hasta el 19 de enero<br \/>\n\u23f0\ufe0f 09:00 a 18:00 hs.<br \/>\n\ud83c\udfe0 Casa de la Cultura &#8220;Enriqueta Gastelumendi\u201d<br \/>\nREGLAMENTO CARNAVALES DEL FIN DEL MUNDO 2026<\/p>\n","protected":false},"excerpt":{"rendered":"<p>Las expresiones de carnaval podr\u00e1n inscribirse hasta el 19 de enero inclusive La Secretar\u00eda de&#8230;<\/p>\n","protected":false},"author":1,"featured_media":62321,"comment_status":"closed","ping_status":"closed","sticky":false,"template":"","format":"standard","meta":{"footnotes":""},"categories":[3],"tags":[],"class_list":["post-62320","post","type-post","status-publish","format-standard","has-post-thumbnail","hentry","category-noticias"],"jetpack_featured_media_url":"https:\/\/hablemosclarotdf.com.ar\/wp-content\/uploads\/2025\/12\/photo_2025-12-17_11-38-45.jpg","_links":{"self":[{"href":"https:\/\/hablemosclarotdf.com.ar\/index.php?rest_route=\/wp\/v2\/posts\/62320","targetHints":{"allow":["GET"]}}],"collection":[{"href":"https:\/\/hablemosclarotdf.com.ar\/index.php?rest_route=\/wp\/v2\/posts"}],"about":[{"href":"https:\/\/hablemosclarotdf.com.ar\/index.php?rest_route=\/wp\/v2\/types\/post"}],"author":[{"embeddable":true,"href":"https:\/\/hablemosclarotdf.com.ar\/index.php?rest_route=\/wp\/v2\/users\/1"}],"replies":[{"embeddable":true,"href":"https:\/\/hablemosclarotdf.com.ar\/index.php?rest_route=%2Fwp%2Fv2%2Fcomments&post=62320"}],"version-history":[{"count":1,"href":"https:\/\/hablemosclarotdf.com.ar\/index.php?rest_route=\/wp\/v2\/posts\/62320\/revisions"}],"predecessor-version":[{"id":62322,"href":"https:\/\/hablemosclarotdf.com.ar\/index.php?rest_route=\/wp\/v2\/posts\/62320\/revisions\/62322"}],"wp:featuredmedia":[{"embeddable":true,"href":"https:\/\/hablemosclarotdf.com.ar\/index.php?rest_route=\/wp\/v2\/media\/62321"}],"wp:attachment":[{"href":"https:\/\/hablemosclarotdf.com.ar\/index.php?rest_route=%2Fwp%2Fv2%2Fmedia&parent=62320"}],"wp:term":[{"taxonomy":"category","embeddable":true,"href":"https:\/\/hablemosclarotdf.com.ar\/index.php?rest_route=%2Fwp%2Fv2%2Fcategories&post=62320"},{"taxonomy":"post_tag","embeddable":true,"href":"https:\/\/hablemosclarotdf.com.ar\/index.php?rest_route=%2Fwp%2Fv2%2Ftags&post=62320"}],"curies":[{"name":"wp","href":"https:\/\/api.w.org\/{rel}","templated":true}]}}