{"id":62317,"date":"2025-12-17T06:05:06","date_gmt":"2025-12-17T09:05:06","guid":{"rendered":"https:\/\/hablemosclarotdf.com.ar\/?p=62317"},"modified":"2025-12-17T06:05:06","modified_gmt":"2025-12-17T09:05:06","slug":"ushuaia-la-municipalidad-informa-alerta-amarilla-por-vientos-intenso","status":"publish","type":"post","link":"https:\/\/hablemosclarotdf.com.ar\/?p=62317","title":{"rendered":"USHUAIA : LA MUNICIPALIDAD  INFORMA ALERTA AMARILLA POR VIENTOS INTENSO"},"content":{"rendered":"<p>La Municipalidad de Ushuaia a trav\u00e9s de Defensa Civil, dependiente de la Secretar\u00eda de Gobierno, informa a los vecinos y vecinas que el Servicio Meteorol\u00f3gico Nacional (SMN) emiti\u00f3 una alerta amarilla por vientos intensos para la madrugada del mi\u00e9rcoles 17 y para la media ma\u00f1ana, que alcanzar\u00e1 a toda la provincia con posibles r\u00e1fagas de hasta 115 kil\u00f3metros por hora.<br \/>\nDe acuerdo al informe del Servicio Meteorol\u00f3gico Nacional (SMN), \u201cse prev\u00e9n vientos fuertes con r\u00e1fagas que podr\u00edan alcanzar los 115 km\/h, por lo que se solicita a la poblaci\u00f3n extremar las medidas de precauci\u00f3n\u201d.<br \/>\nMotivo por el cual, desde Defensa Civil se recomienda evitar salir de los domicilios si no es necesario, retirar o asegurar objetos que puedan ser desplazados por el viento, no refugiarse debajo de marquesinas, carteles publicitarios, \u00e1rboles o postes y circular con extrema precauci\u00f3n en caso de conducir veh\u00edculos.<br \/>\nAsimismo, desde el Municipio se recuerda la importancia de mantenerse informado a trav\u00e9s de los canales oficiales y ante cualquier emergencia comunicarse a la l\u00ednea de emergencias 103 de Defensa Civil Ushuaia<\/p>\n","protected":false},"excerpt":{"rendered":"<p>La Municipalidad de Ushuaia a trav\u00e9s de Defensa Civil, dependiente de la Secretar\u00eda de Gobierno,&#8230;<\/p>\n","protected":false},"author":1,"featured_media":62318,"comment_status":"closed","ping_status":"closed","sticky":false,"template":"","format":"standard","meta":{"footnotes":""},"categories":[3],"tags":[],"class_list":["post-62317","post","type-post","status-publish","format-standard","has-post-thumbnail","hentry","category-noticias"],"jetpack_featured_media_url":"https:\/\/hablemosclarotdf.com.ar\/wp-content\/uploads\/2025\/12\/photo_2025-12-17_06-02-23.jpg","_links":{"self":[{"href":"https:\/\/hablemosclarotdf.com.ar\/index.php?rest_route=\/wp\/v2\/posts\/62317","targetHints":{"allow":["GET"]}}],"collection":[{"href":"https:\/\/hablemosclarotdf.com.ar\/index.php?rest_route=\/wp\/v2\/posts"}],"about":[{"href":"https:\/\/hablemosclarotdf.com.ar\/index.php?rest_route=\/wp\/v2\/types\/post"}],"author":[{"embeddable":true,"href":"https:\/\/hablemosclarotdf.com.ar\/index.php?rest_route=\/wp\/v2\/users\/1"}],"replies":[{"embeddable":true,"href":"https:\/\/hablemosclarotdf.com.ar\/index.php?rest_route=%2Fwp%2Fv2%2Fcomments&post=62317"}],"version-history":[{"count":1,"href":"https:\/\/hablemosclarotdf.com.ar\/index.php?rest_route=\/wp\/v2\/posts\/62317\/revisions"}],"predecessor-version":[{"id":62319,"href":"https:\/\/hablemosclarotdf.com.ar\/index.php?rest_route=\/wp\/v2\/posts\/62317\/revisions\/62319"}],"wp:featuredmedia":[{"embeddable":true,"href":"https:\/\/hablemosclarotdf.com.ar\/index.php?rest_route=\/wp\/v2\/media\/62318"}],"wp:attachment":[{"href":"https:\/\/hablemosclarotdf.com.ar\/index.php?rest_route=%2Fwp%2Fv2%2Fmedia&parent=62317"}],"wp:term":[{"taxonomy":"category","embeddable":true,"href":"https:\/\/hablemosclarotdf.com.ar\/index.php?rest_route=%2Fwp%2Fv2%2Fcategories&post=62317"},{"taxonomy":"post_tag","embeddable":true,"href":"https:\/\/hablemosclarotdf.com.ar\/index.php?rest_route=%2Fwp%2Fv2%2Ftags&post=62317"}],"curies":[{"name":"wp","href":"https:\/\/api.w.org\/{rel}","templated":true}]}}