{"id":62283,"date":"2025-12-16T21:11:01","date_gmt":"2025-12-17T00:11:01","guid":{"rendered":"https:\/\/hablemosclarotdf.com.ar\/?p=62283"},"modified":"2025-12-16T21:11:01","modified_gmt":"2025-12-17T00:11:01","slug":"tierra-del-fuego-impulsa-un-proyecto-binacional-para-fortalecer-el-turismo-sostenible-en-toda-la-isla","status":"publish","type":"post","link":"https:\/\/hablemosclarotdf.com.ar\/?p=62283","title":{"rendered":"TIERRA DEL FUEGO IMPULSA UN PROYECTO BINACIONAL PARA FORTALECER EL TURISMO SOSTENIBLE EN TODA LA ISLA"},"content":{"rendered":"<p>El Gobierno de Tierra del Fuego present\u00f3 en R\u00edo Grande el proyecto binacional \u201cRuta del Fuego: Turismo Binacional Sostenible de la Isla Grande de Tierra del Fuego\u201d, una iniciativa estrat\u00e9gica que consolida el trabajo conjunto entre Argentina y Chile para potenciar el desarrollo tur\u00edstico de toda la isla desde una mirada integral y sostenible.<\/p>\n<p>La propuesta fue seleccionada en la V Convocatoria de Proyectos de Cooperaci\u00f3n Descentralizada Argentina\u2013Chile 2025 y se desarrolla de manera articulada entre organismos provinciales y el Gobierno Regional de Magallanes y de la Ant\u00e1rtica Chilena. El proyecto busca posicionar a la Isla Grande de Tierra del Fuego como un destino binacional, diversificando la oferta tur\u00edstica y promoviendo un crecimiento equilibrado entre los distintos corredores del territorio.<\/p>\n<p>Durante la presentaci\u00f3n se compartieron los principales lineamientos del proyecto, que incluyen el dise\u00f1o de una se\u00f1al\u00e9tica tur\u00edstica integrada e inclusiva, el fortalecimiento de circuitos y productos tur\u00edsticos en la zona centro y norte de la isla, la construcci\u00f3n de una gobernanza binacional estable y la promoci\u00f3n conjunta del destino en mercados nacionales e internacionales.<\/p>\n<p>El secretario Andr\u00e9s Dachary destac\u00f3 que \u201ceste proyecto nos permite consolidar a la Isla Grande de Tierra del Fuego como un destino binacional que se destaca por integrar miradas y capacidades para que el turismo genere m\u00e1s oportunidades en cada comunidad, desde el sur hasta el norte de la isla grande\u201d.<\/p>\n<p>Por su parte, la directora Provincial de Desarrollo y Gesti\u00f3n Zona Centro y Norte del INFUETUR, Stella Maris Alazard remarc\u00f3 que \u201cRuta del Fuego pone en valor circuitos que muchas veces quedan por fuera de los recorridos tradicionales, fortaleciendo a emprendedores, prestadores y comercios locales. La cooperaci\u00f3n con Magallanes nos permite ampliar la mirada y ofrecer experiencias integradas a quienes visitan la isla, con beneficios concretos para las econom\u00edas regionales y para la comunidad fueguina en su conjunto\u201d.<\/p>\n<p>Del encuentro participaron autoridades provinciales, el c\u00f3nsul general de Chile en R\u00edo Grande, representantes de fuerzas de seguridad, c\u00e1maras de comercio, equipos t\u00e9cnicos y actores vinculados al desarrollo tur\u00edstico de la regi\u00f3n.<\/p>\n<p><img loading=\"lazy\" decoding=\"async\" class=\"alignnone size-medium wp-image-62285\" src=\"https:\/\/hablemosclarotdf.com.ar\/wp-content\/uploads\/2025\/12\/photo_2025-12-16_21-08-36-300x200.jpg\" alt=\"\" width=\"300\" height=\"200\" srcset=\"https:\/\/hablemosclarotdf.com.ar\/wp-content\/uploads\/2025\/12\/photo_2025-12-16_21-08-36-300x200.jpg 300w, https:\/\/hablemosclarotdf.com.ar\/wp-content\/uploads\/2025\/12\/photo_2025-12-16_21-08-36-1024x683.jpg 1024w, https:\/\/hablemosclarotdf.com.ar\/wp-content\/uploads\/2025\/12\/photo_2025-12-16_21-08-36-768x512.jpg 768w, https:\/\/hablemosclarotdf.com.ar\/wp-content\/uploads\/2025\/12\/photo_2025-12-16_21-08-36.jpg 1280w\" sizes=\"auto, (max-width: 300px) 100vw, 300px\" \/> <img loading=\"lazy\" decoding=\"async\" class=\"alignnone size-medium wp-image-62286\" src=\"https:\/\/hablemosclarotdf.com.ar\/wp-content\/uploads\/2025\/12\/photo_2025-12-16_21-08-40-300x200.jpg\" alt=\"\" width=\"300\" height=\"200\" srcset=\"https:\/\/hablemosclarotdf.com.ar\/wp-content\/uploads\/2025\/12\/photo_2025-12-16_21-08-40-300x200.jpg 300w, https:\/\/hablemosclarotdf.com.ar\/wp-content\/uploads\/2025\/12\/photo_2025-12-16_21-08-40-1024x683.jpg 1024w, https:\/\/hablemosclarotdf.com.ar\/wp-content\/uploads\/2025\/12\/photo_2025-12-16_21-08-40-768x512.jpg 768w, https:\/\/hablemosclarotdf.com.ar\/wp-content\/uploads\/2025\/12\/photo_2025-12-16_21-08-40.jpg 1280w\" sizes=\"auto, (max-width: 300px) 100vw, 300px\" \/> <img loading=\"lazy\" decoding=\"async\" class=\"alignnone size-medium wp-image-62287\" src=\"https:\/\/hablemosclarotdf.com.ar\/wp-content\/uploads\/2025\/12\/photo_2025-12-16_21-08-44-300x200.jpg\" alt=\"\" width=\"300\" height=\"200\" srcset=\"https:\/\/hablemosclarotdf.com.ar\/wp-content\/uploads\/2025\/12\/photo_2025-12-16_21-08-44-300x200.jpg 300w, https:\/\/hablemosclarotdf.com.ar\/wp-content\/uploads\/2025\/12\/photo_2025-12-16_21-08-44-1024x683.jpg 1024w, https:\/\/hablemosclarotdf.com.ar\/wp-content\/uploads\/2025\/12\/photo_2025-12-16_21-08-44-768x512.jpg 768w, https:\/\/hablemosclarotdf.com.ar\/wp-content\/uploads\/2025\/12\/photo_2025-12-16_21-08-44.jpg 1280w\" sizes=\"auto, (max-width: 300px) 100vw, 300px\" \/> <img loading=\"lazy\" decoding=\"async\" class=\"alignnone size-medium wp-image-62288\" src=\"https:\/\/hablemosclarotdf.com.ar\/wp-content\/uploads\/2025\/12\/photo_2025-12-16_21-08-49-300x200.jpg\" alt=\"\" width=\"300\" height=\"200\" srcset=\"https:\/\/hablemosclarotdf.com.ar\/wp-content\/uploads\/2025\/12\/photo_2025-12-16_21-08-49-300x200.jpg 300w, https:\/\/hablemosclarotdf.com.ar\/wp-content\/uploads\/2025\/12\/photo_2025-12-16_21-08-49-1024x683.jpg 1024w, https:\/\/hablemosclarotdf.com.ar\/wp-content\/uploads\/2025\/12\/photo_2025-12-16_21-08-49-768x512.jpg 768w, https:\/\/hablemosclarotdf.com.ar\/wp-content\/uploads\/2025\/12\/photo_2025-12-16_21-08-49.jpg 1280w\" sizes=\"auto, (max-width: 300px) 100vw, 300px\" \/> <img loading=\"lazy\" decoding=\"async\" class=\"alignnone size-medium wp-image-62289\" src=\"https:\/\/hablemosclarotdf.com.ar\/wp-content\/uploads\/2025\/12\/photo_2025-12-16_21-08-57-300x200.jpg\" alt=\"\" width=\"300\" height=\"200\" srcset=\"https:\/\/hablemosclarotdf.com.ar\/wp-content\/uploads\/2025\/12\/photo_2025-12-16_21-08-57-300x200.jpg 300w, https:\/\/hablemosclarotdf.com.ar\/wp-content\/uploads\/2025\/12\/photo_2025-12-16_21-08-57-1024x682.jpg 1024w, https:\/\/hablemosclarotdf.com.ar\/wp-content\/uploads\/2025\/12\/photo_2025-12-16_21-08-57-768x512.jpg 768w, https:\/\/hablemosclarotdf.com.ar\/wp-content\/uploads\/2025\/12\/photo_2025-12-16_21-08-57.jpg 1280w\" sizes=\"auto, (max-width: 300px) 100vw, 300px\" \/> <img loading=\"lazy\" decoding=\"async\" class=\"alignnone size-medium wp-image-62290\" src=\"https:\/\/hablemosclarotdf.com.ar\/wp-content\/uploads\/2025\/12\/photo_2025-12-16_21-09-02-300x200.jpg\" alt=\"\" width=\"300\" height=\"200\" srcset=\"https:\/\/hablemosclarotdf.com.ar\/wp-content\/uploads\/2025\/12\/photo_2025-12-16_21-09-02-300x200.jpg 300w, https:\/\/hablemosclarotdf.com.ar\/wp-content\/uploads\/2025\/12\/photo_2025-12-16_21-09-02-1024x683.jpg 1024w, https:\/\/hablemosclarotdf.com.ar\/wp-content\/uploads\/2025\/12\/photo_2025-12-16_21-09-02-768x512.jpg 768w, https:\/\/hablemosclarotdf.com.ar\/wp-content\/uploads\/2025\/12\/photo_2025-12-16_21-09-02.jpg 1280w\" sizes=\"auto, (max-width: 300px) 100vw, 300px\" \/><\/p>\n","protected":false},"excerpt":{"rendered":"<p>El Gobierno de Tierra del Fuego present\u00f3 en R\u00edo Grande el proyecto binacional \u201cRuta del&#8230;<\/p>\n","protected":false},"author":1,"featured_media":62284,"comment_status":"closed","ping_status":"closed","sticky":false,"template":"","format":"standard","meta":{"footnotes":""},"categories":[3],"tags":[],"class_list":["post-62283","post","type-post","status-publish","format-standard","has-post-thumbnail","hentry","category-noticias"],"jetpack_featured_media_url":"https:\/\/hablemosclarotdf.com.ar\/wp-content\/uploads\/2025\/12\/photo_2025-12-16_21-08-31.jpg","_links":{"self":[{"href":"https:\/\/hablemosclarotdf.com.ar\/index.php?rest_route=\/wp\/v2\/posts\/62283","targetHints":{"allow":["GET"]}}],"collection":[{"href":"https:\/\/hablemosclarotdf.com.ar\/index.php?rest_route=\/wp\/v2\/posts"}],"about":[{"href":"https:\/\/hablemosclarotdf.com.ar\/index.php?rest_route=\/wp\/v2\/types\/post"}],"author":[{"embeddable":true,"href":"https:\/\/hablemosclarotdf.com.ar\/index.php?rest_route=\/wp\/v2\/users\/1"}],"replies":[{"embeddable":true,"href":"https:\/\/hablemosclarotdf.com.ar\/index.php?rest_route=%2Fwp%2Fv2%2Fcomments&post=62283"}],"version-history":[{"count":1,"href":"https:\/\/hablemosclarotdf.com.ar\/index.php?rest_route=\/wp\/v2\/posts\/62283\/revisions"}],"predecessor-version":[{"id":62291,"href":"https:\/\/hablemosclarotdf.com.ar\/index.php?rest_route=\/wp\/v2\/posts\/62283\/revisions\/62291"}],"wp:featuredmedia":[{"embeddable":true,"href":"https:\/\/hablemosclarotdf.com.ar\/index.php?rest_route=\/wp\/v2\/media\/62284"}],"wp:attachment":[{"href":"https:\/\/hablemosclarotdf.com.ar\/index.php?rest_route=%2Fwp%2Fv2%2Fmedia&parent=62283"}],"wp:term":[{"taxonomy":"category","embeddable":true,"href":"https:\/\/hablemosclarotdf.com.ar\/index.php?rest_route=%2Fwp%2Fv2%2Fcategories&post=62283"},{"taxonomy":"post_tag","embeddable":true,"href":"https:\/\/hablemosclarotdf.com.ar\/index.php?rest_route=%2Fwp%2Fv2%2Ftags&post=62283"}],"curies":[{"name":"wp","href":"https:\/\/api.w.org\/{rel}","templated":true}]}}