{"id":62280,"date":"2025-12-16T21:06:07","date_gmt":"2025-12-17T00:06:07","guid":{"rendered":"https:\/\/hablemosclarotdf.com.ar\/?p=62280"},"modified":"2025-12-16T21:06:07","modified_gmt":"2025-12-17T00:06:07","slug":"ushuaia-la-municipalidad-invita-a-la-comunidad-a-la-inauguracion-de-la-plaza-estado-plurinacional-de-bolivia","status":"publish","type":"post","link":"https:\/\/hablemosclarotdf.com.ar\/?p=62280","title":{"rendered":"USHUAIA : LA MUNICIPALIDAD   INVITA A LA COMUNIDAD A LA INAUGURACI\u00d3N DE LA PLAZA ESTADO PLURINACIONAL DE BOLIVIA"},"content":{"rendered":"<p>La Municipalidad de Ushuaia, junto a la Asociaci\u00f3n Civil Bolivia Unida y la Asociaci\u00f3n Civil de Residentes Bolivianos \u201cSim\u00f3n Bol\u00edvar\u201d, invita a la comunidad a participar de la inauguraci\u00f3n de la \u201cPlaza Estado Plurinacional de Bolivia\u201d, que se realizar\u00e1 el s\u00e1bado 20 de diciembre, a las 11 horas, en la intersecci\u00f3n de Constituci\u00f3n Fueguina y Fuegia Basket.<\/p>\n<p>El acto contar\u00e1 con la presencia de autoridades consulares del Estado Plurinacional de Bolivia con jurisdicci\u00f3n en la regi\u00f3n patag\u00f3nica, incluyendo las provincias de Chubut, Santa Cruz y Tierra del Fuego AeIAS.<\/p>\n<p>La inauguraci\u00f3n se realiza en el marco de la conmemoraci\u00f3n de los 200 a\u00f1os de la independencia del pueblo boliviano, y es el resultado del trabajo conjunto impulsado por la Asociaci\u00f3n Civil Bolivia Unida y la Asociaci\u00f3n Civil de Residentes Bolivianos \u201cSim\u00f3n Bol\u00edvar\u201d, en articulaci\u00f3n con el Municipio.<\/p>\n<p>La iniciativa se enmarca en la gesti\u00f3n y el compromiso asumido por el intendente Walter Vuoto con las asociaciones, y cont\u00f3 con la intervenci\u00f3n de la Secretar\u00eda de Planificaci\u00f3n e Inversi\u00f3n P\u00fablica, que llev\u00f3 adelante las tareas de acondicionamiento y puesta en valor del nuevo espacio p\u00fablico.<\/p>\n<p>Adem\u00e1s del mural realizado por el equipo del Programa de Muralismo de la Secretar\u00eda de Cultura y Educaci\u00f3n, la plaza contar\u00e1 con juegos recreativos, una explanada de adoquines y una garita para el transporte p\u00fablico de pasajeros, que brindar\u00e1 servicio a las l\u00edneas A y B, mejorando la accesibilidad y el uso cotidiano del espacio.<\/p>\n<p>Desde la Municipalidad se invita a vecinas y vecinos a ser parte de esta inauguraci\u00f3n, que representa un reconocimiento a la comunidad boliviana y un nuevo espacio de encuentro, integraci\u00f3n y convivencia en la ciudad.<\/p>\n","protected":false},"excerpt":{"rendered":"<p>La Municipalidad de Ushuaia, junto a la Asociaci\u00f3n Civil Bolivia Unida y la Asociaci\u00f3n Civil&#8230;<\/p>\n","protected":false},"author":1,"featured_media":62281,"comment_status":"closed","ping_status":"closed","sticky":false,"template":"","format":"standard","meta":{"footnotes":""},"categories":[3],"tags":[],"class_list":["post-62280","post","type-post","status-publish","format-standard","has-post-thumbnail","hentry","category-noticias"],"jetpack_featured_media_url":"https:\/\/hablemosclarotdf.com.ar\/wp-content\/uploads\/2025\/12\/photo_2025-12-16_21-05-08.jpg","_links":{"self":[{"href":"https:\/\/hablemosclarotdf.com.ar\/index.php?rest_route=\/wp\/v2\/posts\/62280","targetHints":{"allow":["GET"]}}],"collection":[{"href":"https:\/\/hablemosclarotdf.com.ar\/index.php?rest_route=\/wp\/v2\/posts"}],"about":[{"href":"https:\/\/hablemosclarotdf.com.ar\/index.php?rest_route=\/wp\/v2\/types\/post"}],"author":[{"embeddable":true,"href":"https:\/\/hablemosclarotdf.com.ar\/index.php?rest_route=\/wp\/v2\/users\/1"}],"replies":[{"embeddable":true,"href":"https:\/\/hablemosclarotdf.com.ar\/index.php?rest_route=%2Fwp%2Fv2%2Fcomments&post=62280"}],"version-history":[{"count":1,"href":"https:\/\/hablemosclarotdf.com.ar\/index.php?rest_route=\/wp\/v2\/posts\/62280\/revisions"}],"predecessor-version":[{"id":62282,"href":"https:\/\/hablemosclarotdf.com.ar\/index.php?rest_route=\/wp\/v2\/posts\/62280\/revisions\/62282"}],"wp:featuredmedia":[{"embeddable":true,"href":"https:\/\/hablemosclarotdf.com.ar\/index.php?rest_route=\/wp\/v2\/media\/62281"}],"wp:attachment":[{"href":"https:\/\/hablemosclarotdf.com.ar\/index.php?rest_route=%2Fwp%2Fv2%2Fmedia&parent=62280"}],"wp:term":[{"taxonomy":"category","embeddable":true,"href":"https:\/\/hablemosclarotdf.com.ar\/index.php?rest_route=%2Fwp%2Fv2%2Fcategories&post=62280"},{"taxonomy":"post_tag","embeddable":true,"href":"https:\/\/hablemosclarotdf.com.ar\/index.php?rest_route=%2Fwp%2Fv2%2Ftags&post=62280"}],"curies":[{"name":"wp","href":"https:\/\/api.w.org\/{rel}","templated":true}]}}