{"id":62272,"date":"2025-12-16T17:03:48","date_gmt":"2025-12-16T20:03:48","guid":{"rendered":"https:\/\/hablemosclarotdf.com.ar\/?p=62272"},"modified":"2025-12-16T17:06:55","modified_gmt":"2025-12-16T20:06:55","slug":"gobierno-celebra-las-fiestas-con-ferias-en-las-tres-ciudades-de-la-provincia","status":"publish","type":"post","link":"https:\/\/hablemosclarotdf.com.ar\/?p=62272","title":{"rendered":"GOBIERNO CELEBRA LAS FIESTAS CON FERIAS EN LAS TRES CIUDADES DE LA PROVINCIA"},"content":{"rendered":"<p>En el marco de los festejos de Navidad y A\u00f1o Nuevo, el Gobierno de Tierra del Fuego AIAS llevar\u00e1 a cabo ferias en las tres ciudades de la provincia.<\/p>\n<p>En R\u00edo Grande se realizar\u00e1 \u201cFeriantes del Fin del Mundo\u201d en el Gimnasio de la Escuela Provincial N.\u00ba 2 del 20 al 23 de diciembre de 12 a 20 hs; el 24 de diciembre de 12 a 18 hs; y del 27 al 30 de diciembre de 12 a 20 hs. Durante las jornadas el p\u00fablico podr\u00e1 encontrar una amplia variedad de productos navide\u00f1os, indumentaria, tecnolog\u00eda y regalos ideales para disfrutar en familia.<\/p>\n<p>Por otra parte, Tu Mercado Navide\u00f1o llegar\u00e1 a Ushuaia y Tolhuin este s\u00e1bado 20 y domingo 21 de diciembre con los mejores productos, artesan\u00edas, gastronom\u00eda y m\u00e1s.<\/p>\n<p>En Tolhuin ser\u00e1 en el Colegio Provincial Ram\u00f3n Alberto Trejo Noel (Santiago Rupatini N\u00b0 379) seg\u00fan el siguiente cronograma:<\/p>\n<p>Emprendedores y Canasta B\u00e1sica<br \/>\nS\u00e1bado 20 de diciembre | 14 a 20 hs.<\/p>\n<p>Emprendedores<br \/>\nDomingo 21 de diciembre | 14 a 19 hs.<\/p>\n<p>En Ushuaia el evento tendr\u00e1 lugar en la Escuela Provincial N\u00ba 13 Alt. Guillermo Brown<br \/>\n(Gdor. Paz N\u00b0 1811)<\/p>\n<p>Emprendedores y Canasta B\u00e1sica<br \/>\nS\u00e1bado 20 de diciembre | 12 a 19 hs.<\/p>\n<p>Emprendedores<br \/>\nDomingo 21 de diciembre | 14 a 19 hs.<\/p>\n<p><img loading=\"lazy\" decoding=\"async\" class=\"alignnone size-medium wp-image-62276\" src=\"https:\/\/hablemosclarotdf.com.ar\/wp-content\/uploads\/2025\/12\/photo_2025-12-16_17-04-33-300x200.jpg\" alt=\"\" width=\"300\" height=\"200\" srcset=\"https:\/\/hablemosclarotdf.com.ar\/wp-content\/uploads\/2025\/12\/photo_2025-12-16_17-04-33-300x200.jpg 300w, https:\/\/hablemosclarotdf.com.ar\/wp-content\/uploads\/2025\/12\/photo_2025-12-16_17-04-33-1024x682.jpg 1024w, https:\/\/hablemosclarotdf.com.ar\/wp-content\/uploads\/2025\/12\/photo_2025-12-16_17-04-33-768x512.jpg 768w, https:\/\/hablemosclarotdf.com.ar\/wp-content\/uploads\/2025\/12\/photo_2025-12-16_17-04-33.jpg 1280w\" sizes=\"auto, (max-width: 300px) 100vw, 300px\" \/> <img loading=\"lazy\" decoding=\"async\" class=\"alignnone size-medium wp-image-62277\" src=\"https:\/\/hablemosclarotdf.com.ar\/wp-content\/uploads\/2025\/12\/photo_2025-12-16_17-04-37-300x169.jpg\" alt=\"\" width=\"300\" height=\"169\" srcset=\"https:\/\/hablemosclarotdf.com.ar\/wp-content\/uploads\/2025\/12\/photo_2025-12-16_17-04-37-300x169.jpg 300w, https:\/\/hablemosclarotdf.com.ar\/wp-content\/uploads\/2025\/12\/photo_2025-12-16_17-04-37-1024x576.jpg 1024w, https:\/\/hablemosclarotdf.com.ar\/wp-content\/uploads\/2025\/12\/photo_2025-12-16_17-04-37-768x432.jpg 768w, https:\/\/hablemosclarotdf.com.ar\/wp-content\/uploads\/2025\/12\/photo_2025-12-16_17-04-37.jpg 1280w\" sizes=\"auto, (max-width: 300px) 100vw, 300px\" \/><\/p>\n","protected":false},"excerpt":{"rendered":"<p>En el marco de los festejos de Navidad y A\u00f1o Nuevo, el Gobierno de Tierra&#8230;<\/p>\n","protected":false},"author":1,"featured_media":62275,"comment_status":"closed","ping_status":"closed","sticky":false,"template":"","format":"standard","meta":{"footnotes":""},"categories":[3],"tags":[],"class_list":["post-62272","post","type-post","status-publish","format-standard","has-post-thumbnail","hentry","category-noticias"],"jetpack_featured_media_url":"https:\/\/hablemosclarotdf.com.ar\/wp-content\/uploads\/2025\/12\/photo_2025-12-16_17-04-13-1.jpg","_links":{"self":[{"href":"https:\/\/hablemosclarotdf.com.ar\/index.php?rest_route=\/wp\/v2\/posts\/62272","targetHints":{"allow":["GET"]}}],"collection":[{"href":"https:\/\/hablemosclarotdf.com.ar\/index.php?rest_route=\/wp\/v2\/posts"}],"about":[{"href":"https:\/\/hablemosclarotdf.com.ar\/index.php?rest_route=\/wp\/v2\/types\/post"}],"author":[{"embeddable":true,"href":"https:\/\/hablemosclarotdf.com.ar\/index.php?rest_route=\/wp\/v2\/users\/1"}],"replies":[{"embeddable":true,"href":"https:\/\/hablemosclarotdf.com.ar\/index.php?rest_route=%2Fwp%2Fv2%2Fcomments&post=62272"}],"version-history":[{"count":3,"href":"https:\/\/hablemosclarotdf.com.ar\/index.php?rest_route=\/wp\/v2\/posts\/62272\/revisions"}],"predecessor-version":[{"id":62279,"href":"https:\/\/hablemosclarotdf.com.ar\/index.php?rest_route=\/wp\/v2\/posts\/62272\/revisions\/62279"}],"wp:featuredmedia":[{"embeddable":true,"href":"https:\/\/hablemosclarotdf.com.ar\/index.php?rest_route=\/wp\/v2\/media\/62275"}],"wp:attachment":[{"href":"https:\/\/hablemosclarotdf.com.ar\/index.php?rest_route=%2Fwp%2Fv2%2Fmedia&parent=62272"}],"wp:term":[{"taxonomy":"category","embeddable":true,"href":"https:\/\/hablemosclarotdf.com.ar\/index.php?rest_route=%2Fwp%2Fv2%2Fcategories&post=62272"},{"taxonomy":"post_tag","embeddable":true,"href":"https:\/\/hablemosclarotdf.com.ar\/index.php?rest_route=%2Fwp%2Fv2%2Ftags&post=62272"}],"curies":[{"name":"wp","href":"https:\/\/api.w.org\/{rel}","templated":true}]}}