{"id":62244,"date":"2025-12-16T16:35:02","date_gmt":"2025-12-16T19:35:02","guid":{"rendered":"https:\/\/hablemosclarotdf.com.ar\/?p=62244"},"modified":"2025-12-16T16:35:02","modified_gmt":"2025-12-16T19:35:02","slug":"rio-grande-mas-espacios-verdes-continuan-las-tareas-de-mantenimiento-y-parquizacion-en-rio-grande","status":"publish","type":"post","link":"https:\/\/hablemosclarotdf.com.ar\/?p=62244","title":{"rendered":"RIO GRANDE : M\u00c1S ESPACIOS VERDES: CONTIN\u00daAN LAS TAREAS DE MANTENIMIENTO Y PARQUIZACI\u00d3N EN R\u00cdO GRANDE"},"content":{"rendered":"<p>El Municipio de R\u00edo Grande contin\u00faa desarrollando trabajos de embellecimiento, mantenimiento y puesta en valor en diferentes sectores de la ciudad con el objetivo de mejorar el entorno urbano y fortalecer el cuidado de los espacios p\u00fablicos que disfrutan diariamente las vecinas y vecinos.<\/p>\n<p>A trav\u00e9s de las Secretar\u00eda de Obras P\u00fablicas, el Municipio lleva adelante una serie de intervenciones urbanas que comprenden tareas de pintura, electricidad, herrer\u00eda y plantaci\u00f3n en arterias principales, bulevares y espacios verdes de nuestra ciudad.<\/p>\n<p>En materia de pintura, las cuadrillas municipales trabajan sobre la Avenida San Mart\u00edn, en el tramo comprendido entre Don Bosco y Estrada, contribuyendo al reacondicionamiento y embellecimiento de una de las principales arterias de R\u00edo Grande.<\/p>\n<p>Asimismo, se desarrollan tareas de electricidad sobre la Av. San Mart\u00edn, desde el sector de Chacra IV hasta el boulevard central. Paralelamente, en la Plaza Almirante Brown se llevan adelante mejoras en la infraestructura el\u00e9ctrica en pos de garantizar espacios seguros y funcionales para el uso comunitario y, al mismo tiempo, trabajos de herrer\u00eda que incluyen mantenimiento y reparaci\u00f3n de estructuras, aportando a la recuperaci\u00f3n integral del espacio p\u00fablico.<\/p>\n<p>Respecto a la plantaci\u00f3n y parquizaci\u00f3n, las acciones se concentran sobre la Avenida San Mart\u00edn, desde la calle Don Bosco; en la rotonda del avi\u00f3n donde se realiz\u00f3 la resiembra de mini bosques; mientras que, frente a la Aduana, sobre la calle 20 de Junio se avanza con la creaci\u00f3n de un nuevo espacio paravientos, fortaleciendo la infraestructura verde y el cuidado ambiental.<\/p>\n<p>Dichas intervenciones forman parte del plan integral de mantenimiento y la puesta en valor del espacio p\u00fablico que el Municipio desarrolla de manera sostenida, especialmente durante la temporada primavera-verano, con el objetivo de mejorar la calidad de vida, el paisaje urbano y el sentido de pertenencia.<\/p>\n<p>Con trabajos en toda la ciudad, el Municipio contin\u00faa consolidando una ciudad m\u00e1s ordenada, cuidada y pensada para el disfrute cotidiano de todas las vecinas y vecinos.<\/p>\n<p><img loading=\"lazy\" decoding=\"async\" class=\"alignnone size-medium wp-image-62246\" src=\"https:\/\/hablemosclarotdf.com.ar\/wp-content\/uploads\/2025\/12\/photo_2025-12-16_16-33-40-300x200.jpg\" alt=\"\" width=\"300\" height=\"200\" srcset=\"https:\/\/hablemosclarotdf.com.ar\/wp-content\/uploads\/2025\/12\/photo_2025-12-16_16-33-40-300x200.jpg 300w, https:\/\/hablemosclarotdf.com.ar\/wp-content\/uploads\/2025\/12\/photo_2025-12-16_16-33-40-768x512.jpg 768w, https:\/\/hablemosclarotdf.com.ar\/wp-content\/uploads\/2025\/12\/photo_2025-12-16_16-33-40.jpg 1000w\" sizes=\"auto, (max-width: 300px) 100vw, 300px\" \/> <img loading=\"lazy\" decoding=\"async\" class=\"alignnone size-medium wp-image-62247\" src=\"https:\/\/hablemosclarotdf.com.ar\/wp-content\/uploads\/2025\/12\/photo_2025-12-16_16-33-49-300x200.jpg\" alt=\"\" width=\"300\" height=\"200\" srcset=\"https:\/\/hablemosclarotdf.com.ar\/wp-content\/uploads\/2025\/12\/photo_2025-12-16_16-33-49-300x200.jpg 300w, https:\/\/hablemosclarotdf.com.ar\/wp-content\/uploads\/2025\/12\/photo_2025-12-16_16-33-49-1024x682.jpg 1024w, https:\/\/hablemosclarotdf.com.ar\/wp-content\/uploads\/2025\/12\/photo_2025-12-16_16-33-49-768x511.jpg 768w, https:\/\/hablemosclarotdf.com.ar\/wp-content\/uploads\/2025\/12\/photo_2025-12-16_16-33-49.jpg 1280w\" sizes=\"auto, (max-width: 300px) 100vw, 300px\" \/> <img loading=\"lazy\" decoding=\"async\" class=\"alignnone size-medium wp-image-62248\" src=\"https:\/\/hablemosclarotdf.com.ar\/wp-content\/uploads\/2025\/12\/photo_2025-12-16_16-33-55-300x200.jpg\" alt=\"\" width=\"300\" height=\"200\" srcset=\"https:\/\/hablemosclarotdf.com.ar\/wp-content\/uploads\/2025\/12\/photo_2025-12-16_16-33-55-300x200.jpg 300w, https:\/\/hablemosclarotdf.com.ar\/wp-content\/uploads\/2025\/12\/photo_2025-12-16_16-33-55-1024x682.jpg 1024w, https:\/\/hablemosclarotdf.com.ar\/wp-content\/uploads\/2025\/12\/photo_2025-12-16_16-33-55-768x511.jpg 768w, https:\/\/hablemosclarotdf.com.ar\/wp-content\/uploads\/2025\/12\/photo_2025-12-16_16-33-55.jpg 1280w\" sizes=\"auto, (max-width: 300px) 100vw, 300px\" \/> <img loading=\"lazy\" decoding=\"async\" class=\"alignnone size-medium wp-image-62249\" src=\"https:\/\/hablemosclarotdf.com.ar\/wp-content\/uploads\/2025\/12\/photo_2025-12-16_16-34-01-300x200.jpg\" alt=\"\" width=\"300\" height=\"200\" srcset=\"https:\/\/hablemosclarotdf.com.ar\/wp-content\/uploads\/2025\/12\/photo_2025-12-16_16-34-01-300x200.jpg 300w, https:\/\/hablemosclarotdf.com.ar\/wp-content\/uploads\/2025\/12\/photo_2025-12-16_16-34-01-1024x682.jpg 1024w, https:\/\/hablemosclarotdf.com.ar\/wp-content\/uploads\/2025\/12\/photo_2025-12-16_16-34-01-768x511.jpg 768w, https:\/\/hablemosclarotdf.com.ar\/wp-content\/uploads\/2025\/12\/photo_2025-12-16_16-34-01.jpg 1280w\" sizes=\"auto, (max-width: 300px) 100vw, 300px\" \/><\/p>\n","protected":false},"excerpt":{"rendered":"<p>El Municipio de R\u00edo Grande contin\u00faa desarrollando trabajos de embellecimiento, mantenimiento y puesta en valor&#8230;<\/p>\n","protected":false},"author":1,"featured_media":62245,"comment_status":"closed","ping_status":"closed","sticky":false,"template":"","format":"standard","meta":{"footnotes":""},"categories":[3],"tags":[],"class_list":["post-62244","post","type-post","status-publish","format-standard","has-post-thumbnail","hentry","category-noticias"],"jetpack_featured_media_url":"https:\/\/hablemosclarotdf.com.ar\/wp-content\/uploads\/2025\/12\/photo_2025-12-16_16-33-35.jpg","_links":{"self":[{"href":"https:\/\/hablemosclarotdf.com.ar\/index.php?rest_route=\/wp\/v2\/posts\/62244","targetHints":{"allow":["GET"]}}],"collection":[{"href":"https:\/\/hablemosclarotdf.com.ar\/index.php?rest_route=\/wp\/v2\/posts"}],"about":[{"href":"https:\/\/hablemosclarotdf.com.ar\/index.php?rest_route=\/wp\/v2\/types\/post"}],"author":[{"embeddable":true,"href":"https:\/\/hablemosclarotdf.com.ar\/index.php?rest_route=\/wp\/v2\/users\/1"}],"replies":[{"embeddable":true,"href":"https:\/\/hablemosclarotdf.com.ar\/index.php?rest_route=%2Fwp%2Fv2%2Fcomments&post=62244"}],"version-history":[{"count":1,"href":"https:\/\/hablemosclarotdf.com.ar\/index.php?rest_route=\/wp\/v2\/posts\/62244\/revisions"}],"predecessor-version":[{"id":62250,"href":"https:\/\/hablemosclarotdf.com.ar\/index.php?rest_route=\/wp\/v2\/posts\/62244\/revisions\/62250"}],"wp:featuredmedia":[{"embeddable":true,"href":"https:\/\/hablemosclarotdf.com.ar\/index.php?rest_route=\/wp\/v2\/media\/62245"}],"wp:attachment":[{"href":"https:\/\/hablemosclarotdf.com.ar\/index.php?rest_route=%2Fwp%2Fv2%2Fmedia&parent=62244"}],"wp:term":[{"taxonomy":"category","embeddable":true,"href":"https:\/\/hablemosclarotdf.com.ar\/index.php?rest_route=%2Fwp%2Fv2%2Fcategories&post=62244"},{"taxonomy":"post_tag","embeddable":true,"href":"https:\/\/hablemosclarotdf.com.ar\/index.php?rest_route=%2Fwp%2Fv2%2Ftags&post=62244"}],"curies":[{"name":"wp","href":"https:\/\/api.w.org\/{rel}","templated":true}]}}