{"id":62241,"date":"2025-12-16T16:26:41","date_gmt":"2025-12-16T19:26:41","guid":{"rendered":"https:\/\/hablemosclarotdf.com.ar\/?p=62241"},"modified":"2025-12-16T16:26:41","modified_gmt":"2025-12-16T19:26:41","slug":"rio-grande-el-punto-sube-se-traslado-a-9-de-julio-431","status":"publish","type":"post","link":"https:\/\/hablemosclarotdf.com.ar\/?p=62241","title":{"rendered":"RIO GRANDE : EL PUNTO SUBE SE TRASLAD\u00d3 A 9 DE JULIO 431"},"content":{"rendered":"<p>La Direcci\u00f3n General de Transporte y Movilidad Urbana informa que se traslad\u00f3 el Punto SUBE de la calle Luis Py 181 a la calle 9 de Julio 431.<\/p>\n<p>En la nueva oficina del Departamento de Atenci\u00f3n al P\u00fablico de SUBE, las y los usuarios del transporte p\u00fablico de colectivos podr\u00e1n gestionar tr\u00e1mites administrativos que derivan de SUBE, realizar consultas y acceder a tarjetas.<\/p>\n","protected":false},"excerpt":{"rendered":"<p>La Direcci\u00f3n General de Transporte y Movilidad Urbana informa que se traslad\u00f3 el Punto SUBE&#8230;<\/p>\n","protected":false},"author":1,"featured_media":62242,"comment_status":"closed","ping_status":"closed","sticky":false,"template":"","format":"standard","meta":{"footnotes":""},"categories":[3],"tags":[],"class_list":["post-62241","post","type-post","status-publish","format-standard","has-post-thumbnail","hentry","category-noticias"],"jetpack_featured_media_url":"https:\/\/hablemosclarotdf.com.ar\/wp-content\/uploads\/2025\/12\/photo_2025-12-16_16-25-24.jpg","_links":{"self":[{"href":"https:\/\/hablemosclarotdf.com.ar\/index.php?rest_route=\/wp\/v2\/posts\/62241","targetHints":{"allow":["GET"]}}],"collection":[{"href":"https:\/\/hablemosclarotdf.com.ar\/index.php?rest_route=\/wp\/v2\/posts"}],"about":[{"href":"https:\/\/hablemosclarotdf.com.ar\/index.php?rest_route=\/wp\/v2\/types\/post"}],"author":[{"embeddable":true,"href":"https:\/\/hablemosclarotdf.com.ar\/index.php?rest_route=\/wp\/v2\/users\/1"}],"replies":[{"embeddable":true,"href":"https:\/\/hablemosclarotdf.com.ar\/index.php?rest_route=%2Fwp%2Fv2%2Fcomments&post=62241"}],"version-history":[{"count":1,"href":"https:\/\/hablemosclarotdf.com.ar\/index.php?rest_route=\/wp\/v2\/posts\/62241\/revisions"}],"predecessor-version":[{"id":62243,"href":"https:\/\/hablemosclarotdf.com.ar\/index.php?rest_route=\/wp\/v2\/posts\/62241\/revisions\/62243"}],"wp:featuredmedia":[{"embeddable":true,"href":"https:\/\/hablemosclarotdf.com.ar\/index.php?rest_route=\/wp\/v2\/media\/62242"}],"wp:attachment":[{"href":"https:\/\/hablemosclarotdf.com.ar\/index.php?rest_route=%2Fwp%2Fv2%2Fmedia&parent=62241"}],"wp:term":[{"taxonomy":"category","embeddable":true,"href":"https:\/\/hablemosclarotdf.com.ar\/index.php?rest_route=%2Fwp%2Fv2%2Fcategories&post=62241"},{"taxonomy":"post_tag","embeddable":true,"href":"https:\/\/hablemosclarotdf.com.ar\/index.php?rest_route=%2Fwp%2Fv2%2Ftags&post=62241"}],"curies":[{"name":"wp","href":"https:\/\/api.w.org\/{rel}","templated":true}]}}