{"id":62233,"date":"2025-12-16T16:22:54","date_gmt":"2025-12-16T19:22:54","guid":{"rendered":"https:\/\/hablemosclarotdf.com.ar\/?p=62233"},"modified":"2025-12-16T16:22:54","modified_gmt":"2025-12-16T19:22:54","slug":"ushuaia-la-secretaria-de-malvinas-recibio-a-luciano-moreno-en-el-espacio-pensar-malvinas","status":"publish","type":"post","link":"https:\/\/hablemosclarotdf.com.ar\/?p=62233","title":{"rendered":"USHUAIA : LA SECRETAR\u00cdA DE MALVINAS RECIBI\u00d3 A LUCIANO MORENO EN EL ESPACIO PENSAR MALVINAS"},"content":{"rendered":"<p>El secretario de Asuntos de Malvinas de la Municipalidad de Ushuaia, Dante Asili, recibi\u00f3 al periodista de la Uni\u00f3n Malvinizadora Argentina, Luciano Moreno Calder\u00f3n, en el Museo Hist\u00f3rico \u201cEspacio Pensar Malvinas\u201d.<\/p>\n<p>En ese marco, Moreno realiz\u00f3 la donaci\u00f3n de una serie de libros de su autor\u00eda, entre los que se encuentran: \u201cMalvinas y Soberan\u00eda en tiempos de Milei\u201d, \u201cCr\u00f3nica de un Radar Brit\u00e1nico en Tierra del Fuego\u201d, \u201cBit\u00e1cora para un camino de Malvinizaci\u00f3n\u201d, \u201cUshuaia, epicentro de la Malvinizaci\u00f3n\u201d y \u201cAp\u00e1trida Oportunista\u201d. A trav\u00e9s de estas obras, el autor aborda distintas problem\u00e1ticas vinculadas a la Causa y la Cuesti\u00f3n Malvinas, tanto en el \u00e1mbito provincial como nacional.<\/p>\n<p>Al respecto, el secretario de Asuntos de Malvinas, Dante Asili, expres\u00f3 que \u201cse trata de una colecci\u00f3n de sumo inter\u00e9s para las vecinas y los vecinos de nuestra ciudad, as\u00ed como tambi\u00e9n para las y los turistas que visitan el museo, ya que permite profundizar en las pol\u00edticas vinculadas a Malvinas que atraviesan no s\u00f3lo a nuestra provincia, sino a todo el pa\u00eds\u201d.<\/p>\n<p>Finalmente, Asili remarc\u00f3 que \u201ccontinuamos con esta lucha inclaudicable en defensa de nuestros intereses nacionales y provinciales en el Atl\u00e1ntico Sur y en nuestras Islas Malvinas\u201d.<\/p>\n<p><img loading=\"lazy\" decoding=\"async\" class=\"alignnone size-full wp-image-62235\" src=\"https:\/\/hablemosclarotdf.com.ar\/wp-content\/uploads\/2025\/12\/photo_2025-12-16_16-16-20-150x150-1.jpg\" alt=\"\" width=\"150\" height=\"150\" \/> <img loading=\"lazy\" decoding=\"async\" class=\"alignnone size-medium wp-image-62236\" src=\"https:\/\/hablemosclarotdf.com.ar\/wp-content\/uploads\/2025\/12\/photo_2025-12-16_16-16-25-150x150-1.jpg\" alt=\"\" width=\"150\" height=\"150\" \/> <img loading=\"lazy\" decoding=\"async\" class=\"alignnone size-medium wp-image-62237\" src=\"https:\/\/hablemosclarotdf.com.ar\/wp-content\/uploads\/2025\/12\/photo_2025-12-16_16-16-37-150x150-1.jpg\" alt=\"\" width=\"150\" height=\"150\" \/> <img loading=\"lazy\" decoding=\"async\" class=\"alignnone size-medium wp-image-62238\" src=\"https:\/\/hablemosclarotdf.com.ar\/wp-content\/uploads\/2025\/12\/photo_2025-12-16_16-21-58-300x225.jpg\" alt=\"\" width=\"300\" height=\"225\" srcset=\"https:\/\/hablemosclarotdf.com.ar\/wp-content\/uploads\/2025\/12\/photo_2025-12-16_16-21-58-300x225.jpg 300w, https:\/\/hablemosclarotdf.com.ar\/wp-content\/uploads\/2025\/12\/photo_2025-12-16_16-21-58-1024x768.jpg 1024w, https:\/\/hablemosclarotdf.com.ar\/wp-content\/uploads\/2025\/12\/photo_2025-12-16_16-21-58-768x576.jpg 768w, https:\/\/hablemosclarotdf.com.ar\/wp-content\/uploads\/2025\/12\/photo_2025-12-16_16-21-58.jpg 1200w\" sizes=\"auto, (max-width: 300px) 100vw, 300px\" \/> <img loading=\"lazy\" decoding=\"async\" class=\"alignnone size-medium wp-image-62239\" src=\"https:\/\/hablemosclarotdf.com.ar\/wp-content\/uploads\/2025\/12\/photo_2025-12-16_16-21-50-300x225.jpg\" alt=\"\" width=\"300\" height=\"225\" srcset=\"https:\/\/hablemosclarotdf.com.ar\/wp-content\/uploads\/2025\/12\/photo_2025-12-16_16-21-50-300x225.jpg 300w, https:\/\/hablemosclarotdf.com.ar\/wp-content\/uploads\/2025\/12\/photo_2025-12-16_16-21-50-1024x768.jpg 1024w, https:\/\/hablemosclarotdf.com.ar\/wp-content\/uploads\/2025\/12\/photo_2025-12-16_16-21-50-768x576.jpg 768w, https:\/\/hablemosclarotdf.com.ar\/wp-content\/uploads\/2025\/12\/photo_2025-12-16_16-21-50.jpg 1200w\" sizes=\"auto, (max-width: 300px) 100vw, 300px\" \/><\/p>\n","protected":false},"excerpt":{"rendered":"<p>El secretario de Asuntos de Malvinas de la Municipalidad de Ushuaia, Dante Asili, recibi\u00f3 al&#8230;<\/p>\n","protected":false},"author":1,"featured_media":62234,"comment_status":"closed","ping_status":"closed","sticky":false,"template":"","format":"standard","meta":{"footnotes":""},"categories":[3],"tags":[],"class_list":["post-62233","post","type-post","status-publish","format-standard","has-post-thumbnail","hentry","category-noticias"],"jetpack_featured_media_url":"https:\/\/hablemosclarotdf.com.ar\/wp-content\/uploads\/2025\/12\/photo_2025-12-16_16-16-15-150x150-1.jpg","_links":{"self":[{"href":"https:\/\/hablemosclarotdf.com.ar\/index.php?rest_route=\/wp\/v2\/posts\/62233","targetHints":{"allow":["GET"]}}],"collection":[{"href":"https:\/\/hablemosclarotdf.com.ar\/index.php?rest_route=\/wp\/v2\/posts"}],"about":[{"href":"https:\/\/hablemosclarotdf.com.ar\/index.php?rest_route=\/wp\/v2\/types\/post"}],"author":[{"embeddable":true,"href":"https:\/\/hablemosclarotdf.com.ar\/index.php?rest_route=\/wp\/v2\/users\/1"}],"replies":[{"embeddable":true,"href":"https:\/\/hablemosclarotdf.com.ar\/index.php?rest_route=%2Fwp%2Fv2%2Fcomments&post=62233"}],"version-history":[{"count":1,"href":"https:\/\/hablemosclarotdf.com.ar\/index.php?rest_route=\/wp\/v2\/posts\/62233\/revisions"}],"predecessor-version":[{"id":62240,"href":"https:\/\/hablemosclarotdf.com.ar\/index.php?rest_route=\/wp\/v2\/posts\/62233\/revisions\/62240"}],"wp:featuredmedia":[{"embeddable":true,"href":"https:\/\/hablemosclarotdf.com.ar\/index.php?rest_route=\/wp\/v2\/media\/62234"}],"wp:attachment":[{"href":"https:\/\/hablemosclarotdf.com.ar\/index.php?rest_route=%2Fwp%2Fv2%2Fmedia&parent=62233"}],"wp:term":[{"taxonomy":"category","embeddable":true,"href":"https:\/\/hablemosclarotdf.com.ar\/index.php?rest_route=%2Fwp%2Fv2%2Fcategories&post=62233"},{"taxonomy":"post_tag","embeddable":true,"href":"https:\/\/hablemosclarotdf.com.ar\/index.php?rest_route=%2Fwp%2Fv2%2Ftags&post=62233"}],"curies":[{"name":"wp","href":"https:\/\/api.w.org\/{rel}","templated":true}]}}