{"id":62230,"date":"2025-12-16T16:13:34","date_gmt":"2025-12-16T19:13:34","guid":{"rendered":"https:\/\/hablemosclarotdf.com.ar\/?p=62230"},"modified":"2025-12-16T16:13:34","modified_gmt":"2025-12-16T19:13:34","slug":"ushuaia-el-cepla-celebra-su-9-aniversario-con-una-kermesse-abierta-a-la-comunidad","status":"publish","type":"post","link":"https:\/\/hablemosclarotdf.com.ar\/?p=62230","title":{"rendered":"USHUAIA : EL CEPLA CELEBRA SU 9\u00b0 ANIVERSARIO CON UNA KERMESSE ABIERTA A LA COMUNIDAD"},"content":{"rendered":"<p>La Secretar\u00eda de Pol\u00edticas Sociales, Sanitarias y Derechos Humanos de la Municipalidad de Ushuaia invita a vecinas y vecinos a participar del cumplea\u00f1os del CePLA El Palomar, que celebrar\u00e1 sus 9 a\u00f1os con una kermesse de estilo cirquera, pensada para compartir, disfrutar y seguir fortaleciendo el entramado comunitario.<\/p>\n<p>La actividad se llevar\u00e1 adelante el viernes 19 de diciembre, de 16 a 19 horas, en las instalaciones del CePLA El Palomar, ubicado en Pablo Imboden 1140. La propuesta est\u00e1 destinada al p\u00fablico en general y contar\u00e1 con juegos, m\u00fasica y una merienda para compartir, en una tarde recreativa orientada especialmente a pibes y pibas de la ciudad.<\/p>\n<p>Desde la Secretar\u00eda destacaron que el CePLA constituye un espacio clave para el encuentro, la participaci\u00f3n y el acompa\u00f1amiento comunitario, y se\u00f1alaron que este nuevo aniversario representa una oportunidad para celebrar el camino recorrido junto a las familias y juventudes del barrio.<\/p>\n<p>La jornada ser\u00e1 abierta y gratuita. La Municipalidad de Ushuaia invita a la comunidad a acercarse, sumarse a la celebraci\u00f3n y ser parte de este nuevo aniversario del CePLA El Palomar.<\/p>\n","protected":false},"excerpt":{"rendered":"<p>La Secretar\u00eda de Pol\u00edticas Sociales, Sanitarias y Derechos Humanos de la Municipalidad de Ushuaia invita&#8230;<\/p>\n","protected":false},"author":1,"featured_media":62231,"comment_status":"closed","ping_status":"closed","sticky":false,"template":"","format":"standard","meta":{"footnotes":""},"categories":[3],"tags":[],"class_list":["post-62230","post","type-post","status-publish","format-standard","has-post-thumbnail","hentry","category-noticias"],"jetpack_featured_media_url":"https:\/\/hablemosclarotdf.com.ar\/wp-content\/uploads\/2025\/12\/photo_2025-12-16_16-12-42.jpg","_links":{"self":[{"href":"https:\/\/hablemosclarotdf.com.ar\/index.php?rest_route=\/wp\/v2\/posts\/62230","targetHints":{"allow":["GET"]}}],"collection":[{"href":"https:\/\/hablemosclarotdf.com.ar\/index.php?rest_route=\/wp\/v2\/posts"}],"about":[{"href":"https:\/\/hablemosclarotdf.com.ar\/index.php?rest_route=\/wp\/v2\/types\/post"}],"author":[{"embeddable":true,"href":"https:\/\/hablemosclarotdf.com.ar\/index.php?rest_route=\/wp\/v2\/users\/1"}],"replies":[{"embeddable":true,"href":"https:\/\/hablemosclarotdf.com.ar\/index.php?rest_route=%2Fwp%2Fv2%2Fcomments&post=62230"}],"version-history":[{"count":1,"href":"https:\/\/hablemosclarotdf.com.ar\/index.php?rest_route=\/wp\/v2\/posts\/62230\/revisions"}],"predecessor-version":[{"id":62232,"href":"https:\/\/hablemosclarotdf.com.ar\/index.php?rest_route=\/wp\/v2\/posts\/62230\/revisions\/62232"}],"wp:featuredmedia":[{"embeddable":true,"href":"https:\/\/hablemosclarotdf.com.ar\/index.php?rest_route=\/wp\/v2\/media\/62231"}],"wp:attachment":[{"href":"https:\/\/hablemosclarotdf.com.ar\/index.php?rest_route=%2Fwp%2Fv2%2Fmedia&parent=62230"}],"wp:term":[{"taxonomy":"category","embeddable":true,"href":"https:\/\/hablemosclarotdf.com.ar\/index.php?rest_route=%2Fwp%2Fv2%2Fcategories&post=62230"},{"taxonomy":"post_tag","embeddable":true,"href":"https:\/\/hablemosclarotdf.com.ar\/index.php?rest_route=%2Fwp%2Fv2%2Ftags&post=62230"}],"curies":[{"name":"wp","href":"https:\/\/api.w.org\/{rel}","templated":true}]}}