{"id":62196,"date":"2025-12-16T11:13:55","date_gmt":"2025-12-16T14:13:55","guid":{"rendered":"https:\/\/hablemosclarotdf.com.ar\/?p=62196"},"modified":"2025-12-16T11:13:55","modified_gmt":"2025-12-16T14:13:55","slug":"rio-grande-estuvo-presente-en-la-conmemoracion-por-los-30-anos-del-trabajo-social-en-tierra-del-fuego","status":"publish","type":"post","link":"https:\/\/hablemosclarotdf.com.ar\/?p=62196","title":{"rendered":"R\u00cdO GRANDE ESTUVO PRESENTE EN LA CONMEMORACI\u00d3N POR LOS 30 A\u00d1OS DEL TRABAJO SOCIAL EN TIERRA DEL FUEGO"},"content":{"rendered":"<p>El Municipio de R\u00edo Grande particip\u00f3 de la Jornada Provincial de Trabajo Social, representado por profesionales municipales que asistieron al evento, adem\u00e1s de la participaci\u00f3n de la secretaria de G\u00e9nero y Desarrollo Comunitario, Ivana Ybars. La misma fue en el marco del 30\u00b0 aniversario del Colegio Profesional de Trabajo Social de la Provincia de Tierra del Fuego AeIAS, desarrollada en la sede de la Universidad Nacional de Tierra del Fuego (UNTDF), de Ushuaia.<\/p>\n<p>La actividad fue organizada por el Colegio Profesional de Trabajo Social de la Provincia de Tierra del Fuego AeIAS (CPTS TDF AeIAS) y reuni\u00f3 a referentes acad\u00e9micos y profesionales de la disciplina, consolid\u00e1ndose como un espacio de encuentro, reflexi\u00f3n e intercambio sobre el rol del Trabajo Social en el territorio fueguino.<\/p>\n<p>La jornada cont\u00f3 con la presencia de la Dra. Ana Arias, decana de la Facultad de Ciencias Sociales de la UBA, asimismo, se comparti\u00f3 un mensaje especial de Kenia Batista, vicepresidenta global de la FITS y presidenta de la regi\u00f3n Am\u00e9rica Latina y el Caribe. Durante la jornada se desarrollaron diversas disertaciones a cargo de profesionales del Trabajo Social de la provincia, quienes abordaron experiencias, desaf\u00edos y perspectivas de la disciplina en distintos \u00e1mbitos de intervenci\u00f3n. En ese marco, se promovi\u00f3 un espacio de reflexi\u00f3n cr\u00edtica y de fortalecimiento colectivo, poniendo en valor la trayectoria y el compromiso de la profesi\u00f3n con la transformaci\u00f3n social.<\/p>\n<p>En el contexto de la celebraci\u00f3n de sus 3 d\u00e9cadas de trayectoria institucional, la secretaria Ivana Ybars otorg\u00f3 el decreto que declara de Inter\u00e9s Municipal este evento tan importante, reconociendo las jornadas como al Colegio Profesional por su compromiso con el resguardo y la defensa de los derechos de sus matriculados y matriculadas, en cumplimiento de la Ley Provincial N\u00b0 1165 y la Ley Federal de Trabajo Social N\u00b0 27.072.<\/p>\n<p>Durante el encuentro, tambi\u00e9n se concret\u00f3 la firma de un convenio con nuestro municipio, destinado a garantizar mecanismos que simplifiquen y aseguren el pago de la matriculaci\u00f3n de las y los profesionales del Trabajo Social que se desempe\u00f1an en el \u00e1mbito municipal riograndense.<\/p>\n<p>Con una amplia convocatoria y un clima de intercambio enriquecedor, la Jornada Provincial de Trabajo Social se consolid\u00f3 como un hito para la profesi\u00f3n en Tierra del Fuego, reafirmando su aporte a la construcci\u00f3n de pol\u00edticas p\u00fablicas inclusivas y al fortalecimiento del tejido social en las comunidades.<\/p>\n<p>El Municipio de R\u00edo Grande, a trav\u00e9s de estas acciones, acompa\u00f1a activamente a sus profesionales y fortalece su compromiso con el bienestar de la comunidad fueguina.<\/p>\n<p><img loading=\"lazy\" decoding=\"async\" class=\"alignnone size-medium wp-image-62198\" src=\"https:\/\/hablemosclarotdf.com.ar\/wp-content\/uploads\/2025\/12\/photo_2025-12-16_11-09-30-300x242.jpg\" alt=\"\" width=\"300\" height=\"242\" srcset=\"https:\/\/hablemosclarotdf.com.ar\/wp-content\/uploads\/2025\/12\/photo_2025-12-16_11-09-30-300x242.jpg 300w, https:\/\/hablemosclarotdf.com.ar\/wp-content\/uploads\/2025\/12\/photo_2025-12-16_11-09-30-1024x824.jpg 1024w, https:\/\/hablemosclarotdf.com.ar\/wp-content\/uploads\/2025\/12\/photo_2025-12-16_11-09-30-768x618.jpg 768w, https:\/\/hablemosclarotdf.com.ar\/wp-content\/uploads\/2025\/12\/photo_2025-12-16_11-09-30.jpg 1200w\" sizes=\"auto, (max-width: 300px) 100vw, 300px\" \/> <img loading=\"lazy\" decoding=\"async\" class=\"alignnone size-medium wp-image-62199\" src=\"https:\/\/hablemosclarotdf.com.ar\/wp-content\/uploads\/2025\/12\/photo_2025-12-16_11-09-33-300x200.jpg\" alt=\"\" width=\"300\" height=\"200\" srcset=\"https:\/\/hablemosclarotdf.com.ar\/wp-content\/uploads\/2025\/12\/photo_2025-12-16_11-09-33-300x200.jpg 300w, https:\/\/hablemosclarotdf.com.ar\/wp-content\/uploads\/2025\/12\/photo_2025-12-16_11-09-33-768x512.jpg 768w, https:\/\/hablemosclarotdf.com.ar\/wp-content\/uploads\/2025\/12\/photo_2025-12-16_11-09-33.jpg 896w\" sizes=\"auto, (max-width: 300px) 100vw, 300px\" \/> <img loading=\"lazy\" decoding=\"async\" class=\"alignnone size-medium wp-image-62200\" src=\"https:\/\/hablemosclarotdf.com.ar\/wp-content\/uploads\/2025\/12\/photo_2025-12-16_11-09-37-300x200.jpg\" alt=\"\" width=\"300\" height=\"200\" srcset=\"https:\/\/hablemosclarotdf.com.ar\/wp-content\/uploads\/2025\/12\/photo_2025-12-16_11-09-37-300x200.jpg 300w, https:\/\/hablemosclarotdf.com.ar\/wp-content\/uploads\/2025\/12\/photo_2025-12-16_11-09-37-1024x683.jpg 1024w, https:\/\/hablemosclarotdf.com.ar\/wp-content\/uploads\/2025\/12\/photo_2025-12-16_11-09-37-768x512.jpg 768w, https:\/\/hablemosclarotdf.com.ar\/wp-content\/uploads\/2025\/12\/photo_2025-12-16_11-09-37.jpg 1111w\" sizes=\"auto, (max-width: 300px) 100vw, 300px\" \/> <img loading=\"lazy\" decoding=\"async\" class=\"alignnone size-medium wp-image-62201\" src=\"https:\/\/hablemosclarotdf.com.ar\/wp-content\/uploads\/2025\/12\/photo_2025-12-16_11-09-43-300x200.jpg\" alt=\"\" width=\"300\" height=\"200\" srcset=\"https:\/\/hablemosclarotdf.com.ar\/wp-content\/uploads\/2025\/12\/photo_2025-12-16_11-09-43-300x200.jpg 300w, https:\/\/hablemosclarotdf.com.ar\/wp-content\/uploads\/2025\/12\/photo_2025-12-16_11-09-43-768x512.jpg 768w, https:\/\/hablemosclarotdf.com.ar\/wp-content\/uploads\/2025\/12\/photo_2025-12-16_11-09-43.jpg 883w\" sizes=\"auto, (max-width: 300px) 100vw, 300px\" \/><\/p>\n","protected":false},"excerpt":{"rendered":"<p>El Municipio de R\u00edo Grande particip\u00f3 de la Jornada Provincial de Trabajo Social, representado por&#8230;<\/p>\n","protected":false},"author":1,"featured_media":62197,"comment_status":"closed","ping_status":"closed","sticky":false,"template":"","format":"standard","meta":{"footnotes":""},"categories":[3],"tags":[],"class_list":["post-62196","post","type-post","status-publish","format-standard","has-post-thumbnail","hentry","category-noticias"],"jetpack_featured_media_url":"https:\/\/hablemosclarotdf.com.ar\/wp-content\/uploads\/2025\/12\/photo_2025-12-16_11-09-26.jpg","_links":{"self":[{"href":"https:\/\/hablemosclarotdf.com.ar\/index.php?rest_route=\/wp\/v2\/posts\/62196","targetHints":{"allow":["GET"]}}],"collection":[{"href":"https:\/\/hablemosclarotdf.com.ar\/index.php?rest_route=\/wp\/v2\/posts"}],"about":[{"href":"https:\/\/hablemosclarotdf.com.ar\/index.php?rest_route=\/wp\/v2\/types\/post"}],"author":[{"embeddable":true,"href":"https:\/\/hablemosclarotdf.com.ar\/index.php?rest_route=\/wp\/v2\/users\/1"}],"replies":[{"embeddable":true,"href":"https:\/\/hablemosclarotdf.com.ar\/index.php?rest_route=%2Fwp%2Fv2%2Fcomments&post=62196"}],"version-history":[{"count":1,"href":"https:\/\/hablemosclarotdf.com.ar\/index.php?rest_route=\/wp\/v2\/posts\/62196\/revisions"}],"predecessor-version":[{"id":62202,"href":"https:\/\/hablemosclarotdf.com.ar\/index.php?rest_route=\/wp\/v2\/posts\/62196\/revisions\/62202"}],"wp:featuredmedia":[{"embeddable":true,"href":"https:\/\/hablemosclarotdf.com.ar\/index.php?rest_route=\/wp\/v2\/media\/62197"}],"wp:attachment":[{"href":"https:\/\/hablemosclarotdf.com.ar\/index.php?rest_route=%2Fwp%2Fv2%2Fmedia&parent=62196"}],"wp:term":[{"taxonomy":"category","embeddable":true,"href":"https:\/\/hablemosclarotdf.com.ar\/index.php?rest_route=%2Fwp%2Fv2%2Fcategories&post=62196"},{"taxonomy":"post_tag","embeddable":true,"href":"https:\/\/hablemosclarotdf.com.ar\/index.php?rest_route=%2Fwp%2Fv2%2Ftags&post=62196"}],"curies":[{"name":"wp","href":"https:\/\/api.w.org\/{rel}","templated":true}]}}