{"id":61981,"date":"2025-12-14T14:05:18","date_gmt":"2025-12-14T17:05:18","guid":{"rendered":"https:\/\/hablemosclarotdf.com.ar\/?p=61981"},"modified":"2025-12-14T14:05:18","modified_gmt":"2025-12-14T17:05:18","slug":"tierra-del-fuego-cierra-una-destacada-participacion-en-los-juegos-binacionales-de-la-araucania-2025","status":"publish","type":"post","link":"https:\/\/hablemosclarotdf.com.ar\/?p=61981","title":{"rendered":"TIERRA DEL FUEGO CIERRA UNA DESTACADA PARTICIPACI\u00d3N EN LOS JUEGOS BINACIONALES DE LA ARAUCAN\u00cdA 2025"},"content":{"rendered":"<p>En horas de la ma\u00f1ana, de este domingo, la delegaci\u00f3n fueguina arrib\u00f3 a la Provincia, luego de la demora en su retorno, debido al fuerte temporal de viento registrado este s\u00e1bado, que afect\u00f3 el cruce por la barcaza en Punta Delgada (Chile)<\/p>\n<p>Finalmente, Tierra del Fuego culmin\u00f3 su actuaci\u00f3n en La Pampa con 19 medallas y un meritorio d\u00e9cimo puesto en el clasificador general, destac\u00e1ndose el judo y el atletismo como las disciplinas m\u00e1s laureadas.<\/p>\n<p>Tras una intensa semana de competencias, concluy\u00f3 la 32\u00aa edici\u00f3n de los Juegos Binacionales de La Araucan\u00eda, donde la delegaci\u00f3n de Tierra del Fuego demostr\u00f3 garra, talento y un crecimiento deportivo sostenido. La provincia acumul\u00f3 83 puntos en el medallero general, ubic\u00e1ndose en el d\u00e9cimo puesto y superando a tres regiones chilenas.<\/p>\n<p>El balance final arroja un total de 19 medallas para la representaci\u00f3n fueguina: 4 de oro, 6 de plata y 9 de bronce. Una vez m\u00e1s, el Judo se erigi\u00f3 como el deporte emblem\u00e1tico, cosechando 12 preseas. El equipo femenino de judo se consagr\u00f3 campe\u00f3n binacional, mientras que el masculino logr\u00f3 un valioso tercer puesto.<\/p>\n<p>El Atletismo fue otro de los pilares del \u00e9xito provincial, aportando 6 medallas, entre las que brillaron tres de oro. Por su parte, la nataci\u00f3n sum\u00f3 una medalla al medallero gracias al esfuerzo de sus representantes.<\/p>\n<p>Logros Destacados y Medallistas Fueguinos:<\/p>\n<p>Atletismo<br \/>\n\ud83e\udd47\ud83e\udd47 Jonatan Allende \u2013 Lanzamiento Bala\/Disco (oro\/oro)<br \/>\n\ud83e\udd47\ud83e\udd49 Antonella Ojeda &#8211; Salto en alto \/ Lanzamiento bala (oro\/bronce)<br \/>\n\ud83e\udd48 Nicolas Ravassa &#8211; Lanzamiento de jabalina (plata)<br \/>\n\ud83e\udd49 Ian Bianchi \u2013 Salto en alto (bronce)<\/p>\n<p>Judo<br \/>\n\ud83e\udd47 Nahir Insaurralde \u2013 hasta 63kg (oro)<br \/>\n\ud83e\udd48 Emiliano Suarez \u2013 hasta 73kg (plata)<br \/>\n\ud83e\udd48 Santiago Avellaneda \u2013 hasta 66kg (plata)<br \/>\n\ud83e\udd48 Benjam\u00edn Pesarini \u2013 hasta 90kg (plata)<br \/>\n\ud83e\udd48 Lara Segovia \u2013 hasta 70kg (plata)<br \/>\n\ud83e\udd49 Luciano Vargas \u2013 hasta 81kg (bronce)<br \/>\n\ud83e\udd49 Anyelina Gonz\u00e1lez \u2013 hasta 52kg (bronce)<br \/>\n\ud83e\udd49 Fausto Mart\u00edn \u2013 hasta 60kg (bronce)<br \/>\n\ud83e\udd49 Alexis Gamarra \u2013 hasta 55kg (bronce)<br \/>\n\ud83e\udd49 Morena Flores \u2013 hasta 48kg (bronce)<br \/>\n\ud83e\udd48 Por equipos femenino (plata)<br \/>\n\ud83e\udd49 Por equipos masculino (bronce)<\/p>\n<p>Nataci\u00f3n<br \/>\n\ud83e\udd49 Milagros Ver\u00f3n \u2013 50m pecho (bronce)<\/p>\n<p>\ud83d\udccdPosiciones finales<\/p>\n<p>\ud83e\udde1 TIERRA DEL FUEGO 83pts. \ud83d\udc99<\/p>\n<p>\ud83d\udd39Judo fem. 1\u00b0 (22 pts.)<br \/>\n\ud83d\udd38Judo masc. 3\u00b0 (16 pts.)<\/p>\n<p>\ud83d\udd39Atletismo fem. 10\u00b0 (4 pts.)<br \/>\n\ud83d\udd38Atletismo masc. 7\u00b0 (8 pts.)<\/p>\n<p>\ud83d\udd39F\u00fatbol masc. 12\u00b0 (2 pts.)<br \/>\n\ud83d\udd38F\u00fatbol fem. 11\u00b0 (3 pts.)<\/p>\n<p>\ud83d\udd39V\u00f3ley masc. 10\u00b0 (4 pts.)<br \/>\n\ud83d\udd38V\u00f3ley fem. 11\u00b0 (3 pts.)<\/p>\n<p>\ud83d\udd39B\u00e1squet masc. 9\u00b0 (5 pts.)<br \/>\n\ud83d\udd38B\u00e1squet fem. 13\u00b0 (1 pts.)<\/p>\n<p>\ud83d\udd39Ciclismo fem. 10\u00b0 (4 pts.)<br \/>\n\ud83d\udd38Ciclismo masc. 10\u00b0 (4 pts.)<\/p>\n<p>\ud83d\udd39Nataci\u00f3n fem. 10\u00b0 (4 pt.)<br \/>\n\ud83d\udd38Nataci\u00f3n masc. 11\u00b0 (3 pt.)<\/p>\n<p>La participaci\u00f3n en deportes de conjunto y otras disciplinas sirvi\u00f3 como una valiosa experiencia de crecimiento, especialmente para los equipos integrados por j\u00f3venes promesas que debutaban en esta competencia binacional. Su desempe\u00f1o sienta una s\u00f3lida base para el futuro del deporte fueguino.<\/p>\n<p>El Gobierno de Tierra del Fuego felicita a todos los deportistas, entrenadores y cuerpo t\u00e9cnico por el compromiso y la representaci\u00f3n digna de la provincia, destacando no solo los resultados, sino tambi\u00e9n el esp\u00edritu de superaci\u00f3n y camarader\u00eda exhibido.<\/p>\n<p><img loading=\"lazy\" decoding=\"async\" class=\"alignnone size-medium wp-image-61983\" src=\"https:\/\/hablemosclarotdf.com.ar\/wp-content\/uploads\/2025\/12\/photo_2025-12-14_14-00-50-300x225.jpg\" alt=\"\" width=\"300\" height=\"225\" srcset=\"https:\/\/hablemosclarotdf.com.ar\/wp-content\/uploads\/2025\/12\/photo_2025-12-14_14-00-50-300x225.jpg 300w, https:\/\/hablemosclarotdf.com.ar\/wp-content\/uploads\/2025\/12\/photo_2025-12-14_14-00-50-1024x768.jpg 1024w, https:\/\/hablemosclarotdf.com.ar\/wp-content\/uploads\/2025\/12\/photo_2025-12-14_14-00-50-768x576.jpg 768w, https:\/\/hablemosclarotdf.com.ar\/wp-content\/uploads\/2025\/12\/photo_2025-12-14_14-00-50.jpg 1280w\" sizes=\"auto, (max-width: 300px) 100vw, 300px\" \/> <img loading=\"lazy\" decoding=\"async\" class=\"alignnone size-medium wp-image-61984\" src=\"https:\/\/hablemosclarotdf.com.ar\/wp-content\/uploads\/2025\/12\/photo_2025-12-14_14-01-06-300x200.jpg\" alt=\"\" width=\"300\" height=\"200\" srcset=\"https:\/\/hablemosclarotdf.com.ar\/wp-content\/uploads\/2025\/12\/photo_2025-12-14_14-01-06-300x200.jpg 300w, https:\/\/hablemosclarotdf.com.ar\/wp-content\/uploads\/2025\/12\/photo_2025-12-14_14-01-06-1024x682.jpg 1024w, https:\/\/hablemosclarotdf.com.ar\/wp-content\/uploads\/2025\/12\/photo_2025-12-14_14-01-06-768x511.jpg 768w, https:\/\/hablemosclarotdf.com.ar\/wp-content\/uploads\/2025\/12\/photo_2025-12-14_14-01-06.jpg 1280w\" sizes=\"auto, (max-width: 300px) 100vw, 300px\" \/> <img loading=\"lazy\" decoding=\"async\" class=\"alignnone size-medium wp-image-61985\" src=\"https:\/\/hablemosclarotdf.com.ar\/wp-content\/uploads\/2025\/12\/photo_2025-12-14_14-01-11-300x200.jpg\" alt=\"\" width=\"300\" height=\"200\" srcset=\"https:\/\/hablemosclarotdf.com.ar\/wp-content\/uploads\/2025\/12\/photo_2025-12-14_14-01-11-300x200.jpg 300w, https:\/\/hablemosclarotdf.com.ar\/wp-content\/uploads\/2025\/12\/photo_2025-12-14_14-01-11-1024x682.jpg 1024w, https:\/\/hablemosclarotdf.com.ar\/wp-content\/uploads\/2025\/12\/photo_2025-12-14_14-01-11-768x512.jpg 768w, https:\/\/hablemosclarotdf.com.ar\/wp-content\/uploads\/2025\/12\/photo_2025-12-14_14-01-11.jpg 1280w\" sizes=\"auto, (max-width: 300px) 100vw, 300px\" \/> <img loading=\"lazy\" decoding=\"async\" class=\"alignnone size-medium wp-image-61986\" src=\"https:\/\/hablemosclarotdf.com.ar\/wp-content\/uploads\/2025\/12\/photo_2025-12-14_14-01-15-300x200.jpg\" alt=\"\" width=\"300\" height=\"200\" srcset=\"https:\/\/hablemosclarotdf.com.ar\/wp-content\/uploads\/2025\/12\/photo_2025-12-14_14-01-15-300x200.jpg 300w, https:\/\/hablemosclarotdf.com.ar\/wp-content\/uploads\/2025\/12\/photo_2025-12-14_14-01-15-1024x682.jpg 1024w, https:\/\/hablemosclarotdf.com.ar\/wp-content\/uploads\/2025\/12\/photo_2025-12-14_14-01-15-768x512.jpg 768w, https:\/\/hablemosclarotdf.com.ar\/wp-content\/uploads\/2025\/12\/photo_2025-12-14_14-01-15.jpg 1280w\" sizes=\"auto, (max-width: 300px) 100vw, 300px\" \/> <img loading=\"lazy\" decoding=\"async\" class=\"alignnone size-medium wp-image-61987\" src=\"https:\/\/hablemosclarotdf.com.ar\/wp-content\/uploads\/2025\/12\/photo_2025-12-14_14-01-24-300x169.jpg\" alt=\"\" width=\"300\" height=\"169\" srcset=\"https:\/\/hablemosclarotdf.com.ar\/wp-content\/uploads\/2025\/12\/photo_2025-12-14_14-01-24-300x169.jpg 300w, https:\/\/hablemosclarotdf.com.ar\/wp-content\/uploads\/2025\/12\/photo_2025-12-14_14-01-24-1024x576.jpg 1024w, https:\/\/hablemosclarotdf.com.ar\/wp-content\/uploads\/2025\/12\/photo_2025-12-14_14-01-24-768x432.jpg 768w, https:\/\/hablemosclarotdf.com.ar\/wp-content\/uploads\/2025\/12\/photo_2025-12-14_14-01-24.jpg 1280w\" sizes=\"auto, (max-width: 300px) 100vw, 300px\" \/> <img loading=\"lazy\" decoding=\"async\" class=\"alignnone size-medium wp-image-61988\" src=\"https:\/\/hablemosclarotdf.com.ar\/wp-content\/uploads\/2025\/12\/photo_2025-12-14_14-01-27-300x169.jpg\" alt=\"\" width=\"300\" height=\"169\" srcset=\"https:\/\/hablemosclarotdf.com.ar\/wp-content\/uploads\/2025\/12\/photo_2025-12-14_14-01-27-300x169.jpg 300w, https:\/\/hablemosclarotdf.com.ar\/wp-content\/uploads\/2025\/12\/photo_2025-12-14_14-01-27-1024x576.jpg 1024w, https:\/\/hablemosclarotdf.com.ar\/wp-content\/uploads\/2025\/12\/photo_2025-12-14_14-01-27-768x432.jpg 768w, https:\/\/hablemosclarotdf.com.ar\/wp-content\/uploads\/2025\/12\/photo_2025-12-14_14-01-27.jpg 1280w\" sizes=\"auto, (max-width: 300px) 100vw, 300px\" \/> <img loading=\"lazy\" decoding=\"async\" class=\"alignnone size-medium wp-image-61989\" src=\"https:\/\/hablemosclarotdf.com.ar\/wp-content\/uploads\/2025\/12\/photo_2025-12-14_14-01-31-300x200.jpg\" alt=\"\" width=\"300\" height=\"200\" srcset=\"https:\/\/hablemosclarotdf.com.ar\/wp-content\/uploads\/2025\/12\/photo_2025-12-14_14-01-31-300x200.jpg 300w, https:\/\/hablemosclarotdf.com.ar\/wp-content\/uploads\/2025\/12\/photo_2025-12-14_14-01-31-1024x682.jpg 1024w, https:\/\/hablemosclarotdf.com.ar\/wp-content\/uploads\/2025\/12\/photo_2025-12-14_14-01-31-768x512.jpg 768w, https:\/\/hablemosclarotdf.com.ar\/wp-content\/uploads\/2025\/12\/photo_2025-12-14_14-01-31.jpg 1280w\" sizes=\"auto, (max-width: 300px) 100vw, 300px\" \/> <img loading=\"lazy\" decoding=\"async\" class=\"alignnone size-medium wp-image-61990\" src=\"https:\/\/hablemosclarotdf.com.ar\/wp-content\/uploads\/2025\/12\/photo_2025-12-14_14-01-41-300x200.jpg\" alt=\"\" width=\"300\" height=\"200\" srcset=\"https:\/\/hablemosclarotdf.com.ar\/wp-content\/uploads\/2025\/12\/photo_2025-12-14_14-01-41-300x200.jpg 300w, https:\/\/hablemosclarotdf.com.ar\/wp-content\/uploads\/2025\/12\/photo_2025-12-14_14-01-41-1024x682.jpg 1024w, https:\/\/hablemosclarotdf.com.ar\/wp-content\/uploads\/2025\/12\/photo_2025-12-14_14-01-41-768x512.jpg 768w, https:\/\/hablemosclarotdf.com.ar\/wp-content\/uploads\/2025\/12\/photo_2025-12-14_14-01-41.jpg 1280w\" sizes=\"auto, (max-width: 300px) 100vw, 300px\" \/> <img loading=\"lazy\" decoding=\"async\" class=\"alignnone size-medium wp-image-61991\" src=\"https:\/\/hablemosclarotdf.com.ar\/wp-content\/uploads\/2025\/12\/photo_2025-12-14_14-01-46-300x227.jpg\" alt=\"\" width=\"300\" height=\"227\" srcset=\"https:\/\/hablemosclarotdf.com.ar\/wp-content\/uploads\/2025\/12\/photo_2025-12-14_14-01-46-300x227.jpg 300w, https:\/\/hablemosclarotdf.com.ar\/wp-content\/uploads\/2025\/12\/photo_2025-12-14_14-01-46-768x580.jpg 768w, https:\/\/hablemosclarotdf.com.ar\/wp-content\/uploads\/2025\/12\/photo_2025-12-14_14-01-46.jpg 960w\" sizes=\"auto, (max-width: 300px) 100vw, 300px\" \/> <img loading=\"lazy\" decoding=\"async\" class=\"alignnone size-medium wp-image-61992\" src=\"https:\/\/hablemosclarotdf.com.ar\/wp-content\/uploads\/2025\/12\/photo_2025-12-14_14-01-51-300x225.jpg\" alt=\"\" width=\"300\" height=\"225\" srcset=\"https:\/\/hablemosclarotdf.com.ar\/wp-content\/uploads\/2025\/12\/photo_2025-12-14_14-01-51-300x225.jpg 300w, https:\/\/hablemosclarotdf.com.ar\/wp-content\/uploads\/2025\/12\/photo_2025-12-14_14-01-51-1024x768.jpg 1024w, https:\/\/hablemosclarotdf.com.ar\/wp-content\/uploads\/2025\/12\/photo_2025-12-14_14-01-51-768x576.jpg 768w, https:\/\/hablemosclarotdf.com.ar\/wp-content\/uploads\/2025\/12\/photo_2025-12-14_14-01-51.jpg 1280w\" sizes=\"auto, (max-width: 300px) 100vw, 300px\" \/><\/p>\n","protected":false},"excerpt":{"rendered":"<p>En horas de la ma\u00f1ana, de este domingo, la delegaci\u00f3n fueguina arrib\u00f3 a la Provincia,&#8230;<\/p>\n","protected":false},"author":1,"featured_media":61982,"comment_status":"closed","ping_status":"closed","sticky":false,"template":"","format":"standard","meta":{"footnotes":""},"categories":[3],"tags":[],"class_list":["post-61981","post","type-post","status-publish","format-standard","has-post-thumbnail","hentry","category-noticias"],"jetpack_featured_media_url":"https:\/\/hablemosclarotdf.com.ar\/wp-content\/uploads\/2025\/12\/photo_2025-12-14_14-00-57.jpg","_links":{"self":[{"href":"https:\/\/hablemosclarotdf.com.ar\/index.php?rest_route=\/wp\/v2\/posts\/61981","targetHints":{"allow":["GET"]}}],"collection":[{"href":"https:\/\/hablemosclarotdf.com.ar\/index.php?rest_route=\/wp\/v2\/posts"}],"about":[{"href":"https:\/\/hablemosclarotdf.com.ar\/index.php?rest_route=\/wp\/v2\/types\/post"}],"author":[{"embeddable":true,"href":"https:\/\/hablemosclarotdf.com.ar\/index.php?rest_route=\/wp\/v2\/users\/1"}],"replies":[{"embeddable":true,"href":"https:\/\/hablemosclarotdf.com.ar\/index.php?rest_route=%2Fwp%2Fv2%2Fcomments&post=61981"}],"version-history":[{"count":1,"href":"https:\/\/hablemosclarotdf.com.ar\/index.php?rest_route=\/wp\/v2\/posts\/61981\/revisions"}],"predecessor-version":[{"id":61993,"href":"https:\/\/hablemosclarotdf.com.ar\/index.php?rest_route=\/wp\/v2\/posts\/61981\/revisions\/61993"}],"wp:featuredmedia":[{"embeddable":true,"href":"https:\/\/hablemosclarotdf.com.ar\/index.php?rest_route=\/wp\/v2\/media\/61982"}],"wp:attachment":[{"href":"https:\/\/hablemosclarotdf.com.ar\/index.php?rest_route=%2Fwp%2Fv2%2Fmedia&parent=61981"}],"wp:term":[{"taxonomy":"category","embeddable":true,"href":"https:\/\/hablemosclarotdf.com.ar\/index.php?rest_route=%2Fwp%2Fv2%2Fcategories&post=61981"},{"taxonomy":"post_tag","embeddable":true,"href":"https:\/\/hablemosclarotdf.com.ar\/index.php?rest_route=%2Fwp%2Fv2%2Ftags&post=61981"}],"curies":[{"name":"wp","href":"https:\/\/api.w.org\/{rel}","templated":true}]}}