{"id":61961,"date":"2025-12-14T00:39:01","date_gmt":"2025-12-14T03:39:01","guid":{"rendered":"https:\/\/hablemosclarotdf.com.ar\/?p=61961"},"modified":"2025-12-14T00:39:01","modified_gmt":"2025-12-14T03:39:01","slug":"juegos-de-la-araucania-la-delegacion-fueguina-debera-pernoctar-en-la-frontera-como-consecuencia-de-las-demoras-por-las-condiciones-climaticas","status":"publish","type":"post","link":"https:\/\/hablemosclarotdf.com.ar\/?p=61961","title":{"rendered":"JUEGOS DE LA ARAUCAN\u00cdA: LA DELEGACI\u00d3N FUEGUINA DEBER\u00c1 PERNOCTAR EN LA FRONTERA COMO CONSECUENCIA DE LAS DEMORAS POR LAS CONDICIONES CLIM\u00c1TICAS"},"content":{"rendered":"<p>La delegaci\u00f3n fueguina que regresa desde la provincia de La Pampa, donde particip\u00f3 de los Juegos de la Araucan\u00eda, se encuentra moment\u00e1neamente demorada en su trayecto de regreso, ya que el temporal de viento registrado durante \u00e9ste s\u00e1bado afect\u00f3 el cruce por la barcaza en Punta Delgada, Chile.<\/p>\n<p>Como consecuencia de las demoras registradas, la delegaci\u00f3n no logr\u00f3 arribar antes del horario de cierre del paso fronterizo San Sebasti\u00e1n chileno, por lo que, por decisi\u00f3n de las autoridades del vecino pa\u00eds, no consigui\u00f3 atravesar el paso en el d\u00eda de la fecha.<\/p>\n<p>En este contexto, el contingente deber\u00e1 pernoctar en el lugar hasta que, a primera hora de ma\u00f1ana domingo, las autoridades del pa\u00eds vecino dispongan la apertura de la frontera y habiliten el paso.<\/p>\n<p>El contingente est\u00e1 compuesto por cuatro colectivos que trasladan a unos 150 j\u00f3venes deportistas, complet\u00e1ndose una delegaci\u00f3n total de aproximadamente 170 personas, entre atletas, cuerpos t\u00e9cnicos y personal de acompa\u00f1amiento.<\/p>\n<p>Desde el Gobierno provincial, y mediante un trabajo articulado entre distintas \u00e1reas, ya se encuentra coordinado el env\u00edo de v\u00edveres y alimentos necesarios para asistir a la delegaci\u00f3n durante la espera.<\/p>\n<p>Asimismo, se inform\u00f3 que todas las personas se encuentran en buen estado de salud y que el operativo de asistencia incluye, adem\u00e1s, la cobertura ante cualquier eventual emergencia sanitaria que pudiera surgir.<\/p>\n<p>Las autoridades provinciales contin\u00faan acompa\u00f1ando la situaci\u00f3n y trabajando para garantizar el bienestar de la delegaci\u00f3n hasta que se concrete su retorno a la provincia.<\/p>\n","protected":false},"excerpt":{"rendered":"<p>La delegaci\u00f3n fueguina que regresa desde la provincia de La Pampa, donde particip\u00f3 de los&#8230;<\/p>\n","protected":false},"author":1,"featured_media":61962,"comment_status":"closed","ping_status":"closed","sticky":false,"template":"","format":"standard","meta":{"footnotes":""},"categories":[3],"tags":[],"class_list":["post-61961","post","type-post","status-publish","format-standard","has-post-thumbnail","hentry","category-noticias"],"jetpack_featured_media_url":"https:\/\/hablemosclarotdf.com.ar\/wp-content\/uploads\/2025\/12\/photo_2025-12-14_00-37-19.jpg","_links":{"self":[{"href":"https:\/\/hablemosclarotdf.com.ar\/index.php?rest_route=\/wp\/v2\/posts\/61961","targetHints":{"allow":["GET"]}}],"collection":[{"href":"https:\/\/hablemosclarotdf.com.ar\/index.php?rest_route=\/wp\/v2\/posts"}],"about":[{"href":"https:\/\/hablemosclarotdf.com.ar\/index.php?rest_route=\/wp\/v2\/types\/post"}],"author":[{"embeddable":true,"href":"https:\/\/hablemosclarotdf.com.ar\/index.php?rest_route=\/wp\/v2\/users\/1"}],"replies":[{"embeddable":true,"href":"https:\/\/hablemosclarotdf.com.ar\/index.php?rest_route=%2Fwp%2Fv2%2Fcomments&post=61961"}],"version-history":[{"count":1,"href":"https:\/\/hablemosclarotdf.com.ar\/index.php?rest_route=\/wp\/v2\/posts\/61961\/revisions"}],"predecessor-version":[{"id":61963,"href":"https:\/\/hablemosclarotdf.com.ar\/index.php?rest_route=\/wp\/v2\/posts\/61961\/revisions\/61963"}],"wp:featuredmedia":[{"embeddable":true,"href":"https:\/\/hablemosclarotdf.com.ar\/index.php?rest_route=\/wp\/v2\/media\/61962"}],"wp:attachment":[{"href":"https:\/\/hablemosclarotdf.com.ar\/index.php?rest_route=%2Fwp%2Fv2%2Fmedia&parent=61961"}],"wp:term":[{"taxonomy":"category","embeddable":true,"href":"https:\/\/hablemosclarotdf.com.ar\/index.php?rest_route=%2Fwp%2Fv2%2Fcategories&post=61961"},{"taxonomy":"post_tag","embeddable":true,"href":"https:\/\/hablemosclarotdf.com.ar\/index.php?rest_route=%2Fwp%2Fv2%2Ftags&post=61961"}],"curies":[{"name":"wp","href":"https:\/\/api.w.org\/{rel}","templated":true}]}}