{"id":61066,"date":"2025-12-07T22:14:17","date_gmt":"2025-12-08T01:14:17","guid":{"rendered":"https:\/\/hablemosclarotdf.com.ar\/?p=61066"},"modified":"2025-12-07T22:14:17","modified_gmt":"2025-12-08T01:14:17","slug":"ushuaia-el-lunes-habra-cortes-y-desvios-de-transito-en-la-calle-12-de-octubre","status":"publish","type":"post","link":"https:\/\/hablemosclarotdf.com.ar\/?p=61066","title":{"rendered":"USHUAIA : EL LUNES HABR\u00c1 CORTES Y DESV\u00cdOS DE TR\u00c1NSITO EN LA CALLE 12 DE OCTUBRE"},"content":{"rendered":"<p>La Municipalidad de Ushuaia informa a vecinos y vecinas que en el marco del Programa de Recuperaci\u00f3n Vial que lleva adelante la Secretar\u00eda de Planificaci\u00f3n e Inversi\u00f3n P\u00fablica en distintos sectores de la ciudad, durante el lunes 8 de diciembre se realizar\u00e1 un esquema de cortes de calle previos a la repavimentaci\u00f3n de 12 de Octubre la cual tendr\u00e1 lugar el d\u00eda martes 9.<br \/>\nMotivo por el cual, en la jornada del lunes a partir de las 18 horas se implementar\u00e1n cortes programados de tr\u00e1nsito en los siguientes tramos:12 de Octubre, entre Primer Argentino y Marcos Zar y la calle de Arturo Coronado, entre Marcos Zar y 12 de Octubre.<br \/>\nCabe mencionar que debido a estas intervenciones, las l\u00edneas A y D del servicio de transporte p\u00fablico modificar\u00e1n moment\u00e1neamente su recorrido, desviando su circulaci\u00f3n por el barrio Borsari (ex Colombo).<br \/>\nAsimismo, se solicita a la comunidad circular con precauci\u00f3n, respetar la se\u00f1alizaci\u00f3n y las indicaciones del personal de tr\u00e1nsito para contribuir con la seguridad vial y de los peatones.<\/p>\n","protected":false},"excerpt":{"rendered":"<p>La Municipalidad de Ushuaia informa a vecinos y vecinas que en el marco del Programa&#8230;<\/p>\n","protected":false},"author":1,"featured_media":61067,"comment_status":"closed","ping_status":"closed","sticky":false,"template":"","format":"standard","meta":{"footnotes":""},"categories":[3],"tags":[],"class_list":["post-61066","post","type-post","status-publish","format-standard","has-post-thumbnail","hentry","category-noticias"],"jetpack_featured_media_url":"https:\/\/hablemosclarotdf.com.ar\/wp-content\/uploads\/2025\/12\/photo_2025-12-07_22-12-32.jpg","_links":{"self":[{"href":"https:\/\/hablemosclarotdf.com.ar\/index.php?rest_route=\/wp\/v2\/posts\/61066","targetHints":{"allow":["GET"]}}],"collection":[{"href":"https:\/\/hablemosclarotdf.com.ar\/index.php?rest_route=\/wp\/v2\/posts"}],"about":[{"href":"https:\/\/hablemosclarotdf.com.ar\/index.php?rest_route=\/wp\/v2\/types\/post"}],"author":[{"embeddable":true,"href":"https:\/\/hablemosclarotdf.com.ar\/index.php?rest_route=\/wp\/v2\/users\/1"}],"replies":[{"embeddable":true,"href":"https:\/\/hablemosclarotdf.com.ar\/index.php?rest_route=%2Fwp%2Fv2%2Fcomments&post=61066"}],"version-history":[{"count":1,"href":"https:\/\/hablemosclarotdf.com.ar\/index.php?rest_route=\/wp\/v2\/posts\/61066\/revisions"}],"predecessor-version":[{"id":61068,"href":"https:\/\/hablemosclarotdf.com.ar\/index.php?rest_route=\/wp\/v2\/posts\/61066\/revisions\/61068"}],"wp:featuredmedia":[{"embeddable":true,"href":"https:\/\/hablemosclarotdf.com.ar\/index.php?rest_route=\/wp\/v2\/media\/61067"}],"wp:attachment":[{"href":"https:\/\/hablemosclarotdf.com.ar\/index.php?rest_route=%2Fwp%2Fv2%2Fmedia&parent=61066"}],"wp:term":[{"taxonomy":"category","embeddable":true,"href":"https:\/\/hablemosclarotdf.com.ar\/index.php?rest_route=%2Fwp%2Fv2%2Fcategories&post=61066"},{"taxonomy":"post_tag","embeddable":true,"href":"https:\/\/hablemosclarotdf.com.ar\/index.php?rest_route=%2Fwp%2Fv2%2Ftags&post=61066"}],"curies":[{"name":"wp","href":"https:\/\/api.w.org\/{rel}","templated":true}]}}