{"id":61059,"date":"2025-12-07T15:03:38","date_gmt":"2025-12-07T18:03:38","guid":{"rendered":"https:\/\/hablemosclarotdf.com.ar\/?p=61059"},"modified":"2025-12-07T15:03:38","modified_gmt":"2025-12-07T18:03:38","slug":"se-realizo-la-muestra-de-fin-de-ano-de-gimnasia-ritmica-en-la-casa-del-deporte-en-rio-grande","status":"publish","type":"post","link":"https:\/\/hablemosclarotdf.com.ar\/?p=61059","title":{"rendered":"SE REALIZ\u00d3 LA MUESTRA DE FIN DE A\u00d1O DE GIMNASIA R\u00cdTMICA EN LA CASA DEL DEPORTE EN R\u00cdO GRANDE"},"content":{"rendered":"<p>La Secretar\u00eda de Deportes de la Provincia de Tierra del Fuego, AeIAS llev\u00f3 adelante este s\u00e1bado la muestra anual de Gimnasia R\u00edtmica, de la que participaron 35 alumnas de entre 4 y 13 a\u00f1os, quienes entrenan durante el a\u00f1o bajo la conducci\u00f3n de la profesora Mariana Mart\u00ednez.<\/p>\n<p>Durante los \u00faltimos meses, las j\u00f3venes deportistas trabajaron con mayor intensidad para preparar esta presentaci\u00f3n final, demostrando los avances logrados en la disciplina a lo largo del 2025. En este sentido, la profesora Mart\u00ednez destac\u00f3 \u201cel compromiso demostrado por cada una de las chicas y el crecimiento que tuvieron especialmente en las rutinas de manos libres, lo que abre nuevas posibilidades para incorporar elementos como cintas y aros durante el pr\u00f3ximo ciclo\u201d.<\/p>\n<p>Asimismo, la docente subray\u00f3 la importancia del acompa\u00f1amiento familiar: \u201cEl apoyo de las familias es fundamental. Siempre est\u00e1n presentes y atentos a cada propuesta, y eso se refleja directamente en el progreso de las gimnastas\u201d.<\/p>\n<p>De cara al 2026, la proyecci\u00f3n del espacio incluye la participaci\u00f3n en m\u00e1s torneos provinciales, encuentros con otras escuelas de la disciplina y la gesti\u00f3n de un uniforme oficial para las alumnas, con el objetivo de continuar fortaleciendo su desarrollo deportivo.<\/p>\n<p>Las actividades de Gimnasia R\u00edtmica se dictan en turnos ma\u00f1ana y tarde en la Casa del Deporte, donde la Secretar\u00eda contin\u00faa promoviendo espacios de formaci\u00f3n, acompa\u00f1amiento y crecimiento para las infancias y juventudes de la provincia.<\/p>\n<p><img loading=\"lazy\" decoding=\"async\" class=\"alignnone size-medium wp-image-61061\" src=\"https:\/\/hablemosclarotdf.com.ar\/wp-content\/uploads\/2025\/12\/photo_2025-12-07_15-01-54-300x200.jpg\" alt=\"\" width=\"300\" height=\"200\" srcset=\"https:\/\/hablemosclarotdf.com.ar\/wp-content\/uploads\/2025\/12\/photo_2025-12-07_15-01-54-300x200.jpg 300w, https:\/\/hablemosclarotdf.com.ar\/wp-content\/uploads\/2025\/12\/photo_2025-12-07_15-01-54-1024x682.jpg 1024w, https:\/\/hablemosclarotdf.com.ar\/wp-content\/uploads\/2025\/12\/photo_2025-12-07_15-01-54-768x512.jpg 768w, https:\/\/hablemosclarotdf.com.ar\/wp-content\/uploads\/2025\/12\/photo_2025-12-07_15-01-54.jpg 1280w\" sizes=\"auto, (max-width: 300px) 100vw, 300px\" \/> <img loading=\"lazy\" decoding=\"async\" class=\"alignnone size-medium wp-image-61062\" src=\"https:\/\/hablemosclarotdf.com.ar\/wp-content\/uploads\/2025\/12\/photo_2025-12-07_15-01-59-300x200.jpg\" alt=\"\" width=\"300\" height=\"200\" srcset=\"https:\/\/hablemosclarotdf.com.ar\/wp-content\/uploads\/2025\/12\/photo_2025-12-07_15-01-59-300x200.jpg 300w, https:\/\/hablemosclarotdf.com.ar\/wp-content\/uploads\/2025\/12\/photo_2025-12-07_15-01-59-1024x682.jpg 1024w, https:\/\/hablemosclarotdf.com.ar\/wp-content\/uploads\/2025\/12\/photo_2025-12-07_15-01-59-768x512.jpg 768w, https:\/\/hablemosclarotdf.com.ar\/wp-content\/uploads\/2025\/12\/photo_2025-12-07_15-01-59.jpg 1280w\" sizes=\"auto, (max-width: 300px) 100vw, 300px\" \/> <img loading=\"lazy\" decoding=\"async\" class=\"alignnone size-medium wp-image-61063\" src=\"https:\/\/hablemosclarotdf.com.ar\/wp-content\/uploads\/2025\/12\/photo_2025-12-07_15-02-04-300x200.jpg\" alt=\"\" width=\"300\" height=\"200\" srcset=\"https:\/\/hablemosclarotdf.com.ar\/wp-content\/uploads\/2025\/12\/photo_2025-12-07_15-02-04-300x200.jpg 300w, https:\/\/hablemosclarotdf.com.ar\/wp-content\/uploads\/2025\/12\/photo_2025-12-07_15-02-04-1024x682.jpg 1024w, https:\/\/hablemosclarotdf.com.ar\/wp-content\/uploads\/2025\/12\/photo_2025-12-07_15-02-04-768x512.jpg 768w, https:\/\/hablemosclarotdf.com.ar\/wp-content\/uploads\/2025\/12\/photo_2025-12-07_15-02-04.jpg 1280w\" sizes=\"auto, (max-width: 300px) 100vw, 300px\" \/> <img loading=\"lazy\" decoding=\"async\" class=\"alignnone size-medium wp-image-61064\" src=\"https:\/\/hablemosclarotdf.com.ar\/wp-content\/uploads\/2025\/12\/photo_2025-12-07_15-02-09-300x200.jpg\" alt=\"\" width=\"300\" height=\"200\" srcset=\"https:\/\/hablemosclarotdf.com.ar\/wp-content\/uploads\/2025\/12\/photo_2025-12-07_15-02-09-300x200.jpg 300w, https:\/\/hablemosclarotdf.com.ar\/wp-content\/uploads\/2025\/12\/photo_2025-12-07_15-02-09-1024x682.jpg 1024w, https:\/\/hablemosclarotdf.com.ar\/wp-content\/uploads\/2025\/12\/photo_2025-12-07_15-02-09-768x511.jpg 768w, https:\/\/hablemosclarotdf.com.ar\/wp-content\/uploads\/2025\/12\/photo_2025-12-07_15-02-09.jpg 1280w\" sizes=\"auto, (max-width: 300px) 100vw, 300px\" \/><\/p>\n","protected":false},"excerpt":{"rendered":"<p>La Secretar\u00eda de Deportes de la Provincia de Tierra del Fuego, AeIAS llev\u00f3 adelante este&#8230;<\/p>\n","protected":false},"author":1,"featured_media":61060,"comment_status":"closed","ping_status":"closed","sticky":false,"template":"","format":"standard","meta":{"footnotes":""},"categories":[3],"tags":[],"class_list":["post-61059","post","type-post","status-publish","format-standard","has-post-thumbnail","hentry","category-noticias"],"jetpack_featured_media_url":"https:\/\/hablemosclarotdf.com.ar\/wp-content\/uploads\/2025\/12\/photo_2025-12-07_15-01-51.jpg","_links":{"self":[{"href":"https:\/\/hablemosclarotdf.com.ar\/index.php?rest_route=\/wp\/v2\/posts\/61059","targetHints":{"allow":["GET"]}}],"collection":[{"href":"https:\/\/hablemosclarotdf.com.ar\/index.php?rest_route=\/wp\/v2\/posts"}],"about":[{"href":"https:\/\/hablemosclarotdf.com.ar\/index.php?rest_route=\/wp\/v2\/types\/post"}],"author":[{"embeddable":true,"href":"https:\/\/hablemosclarotdf.com.ar\/index.php?rest_route=\/wp\/v2\/users\/1"}],"replies":[{"embeddable":true,"href":"https:\/\/hablemosclarotdf.com.ar\/index.php?rest_route=%2Fwp%2Fv2%2Fcomments&post=61059"}],"version-history":[{"count":1,"href":"https:\/\/hablemosclarotdf.com.ar\/index.php?rest_route=\/wp\/v2\/posts\/61059\/revisions"}],"predecessor-version":[{"id":61065,"href":"https:\/\/hablemosclarotdf.com.ar\/index.php?rest_route=\/wp\/v2\/posts\/61059\/revisions\/61065"}],"wp:featuredmedia":[{"embeddable":true,"href":"https:\/\/hablemosclarotdf.com.ar\/index.php?rest_route=\/wp\/v2\/media\/61060"}],"wp:attachment":[{"href":"https:\/\/hablemosclarotdf.com.ar\/index.php?rest_route=%2Fwp%2Fv2%2Fmedia&parent=61059"}],"wp:term":[{"taxonomy":"category","embeddable":true,"href":"https:\/\/hablemosclarotdf.com.ar\/index.php?rest_route=%2Fwp%2Fv2%2Fcategories&post=61059"},{"taxonomy":"post_tag","embeddable":true,"href":"https:\/\/hablemosclarotdf.com.ar\/index.php?rest_route=%2Fwp%2Fv2%2Ftags&post=61059"}],"curies":[{"name":"wp","href":"https:\/\/api.w.org\/{rel}","templated":true}]}}