{"id":61056,"date":"2025-12-07T14:29:39","date_gmt":"2025-12-07T17:29:39","guid":{"rendered":"https:\/\/hablemosclarotdf.com.ar\/?p=61056"},"modified":"2025-12-07T14:29:39","modified_gmt":"2025-12-07T17:29:39","slug":"rio-grande-medios-locales-y-canales-de-streaming-transmitiran-la-fiesta-municipal-del-encendido-del-arbol","status":"publish","type":"post","link":"https:\/\/hablemosclarotdf.com.ar\/?p=61056","title":{"rendered":"RIO GRANDE : MEDIOS LOCALES Y CANALES DE STREAMING  TRANSMITIR\u00c1N LA FIESTA MUNICIPAL DEL ENCENDIDO DEL \u00c1RBOL"},"content":{"rendered":"<p>El Municipio de R\u00edo Grande informa que, en el marco de la realizaci\u00f3n del tradicional Encendido del \u00c1rbol \u2014que tendr\u00e1 lugar este domingo 7 de diciembre en el Parque de los 100 A\u00f1os\u2014 se implementar\u00e1 un trabajo articulado de transmisi\u00f3n junto a los medios locales Aire Libre y Minuto Fueguino, y los canales de streaming Urvox TV, Tres Medios y TDF Live.<\/p>\n<p>Esta articulaci\u00f3n permitir\u00e1 ampliar el alcance de la difusi\u00f3n y asegurar que m\u00e1s vecinos y vecinas puedan seguir la celebraci\u00f3n desde su hogar. En este sentido, la participaci\u00f3n de Aire Libre, Minuto Fueguino, Urvox TV, Tres Medios y TDF Live ser\u00e1 clave para acompa\u00f1ar la cobertura y garantizar una transmisi\u00f3n abierta y accesible para toda la comunidad.<\/p>\n<p>Gracias a este trabajo conjunto, vecinos y vecinas podr\u00e1n acceder en vivo a los distintos shows previstos a lo largo de la jornada, que comenzar\u00e1 a las 15:30 horas y contar\u00e1 con la participaci\u00f3n de artistas locales, propuestas musicales y el tan esperado momento del encendido.<\/p>\n<p>La programaci\u00f3n incluir\u00e1, desde las 16:30 horas, las presentaciones de C Baila Cumbia, Se\u00f1ora Cumbia, De Caravana y Q\u2019 Descontrol; a las 19:00 horas actuar\u00e1 Luck Ra; a las 21:00 horas se presentar\u00e1n DJ Topo y Machete; y a las 22:00 horas har\u00e1 lo propio la Banda Municipal de M\u00fasica, junto a artistas invitados.<br \/>\nEl encendido del \u00e1rbol est\u00e1 previsto para las 00:00 horas, y desde las 00:30 horas se realizar\u00e1 un After-Encendido con DJ Rastamari, Harry DJ y Leo Garrido.<\/p>\n<p>El Encendido del \u00c1rbol es una de las celebraciones m\u00e1s emblem\u00e1ticas de la ciudad, y su transmisi\u00f3n abierta y accesible reafirma el compromiso del Municipio con la participaci\u00f3n ciudadana, la integraci\u00f3n comunitaria y la visibilidad de los eventos culturales que fortalecen nuestra identidad.<\/p>\n<p>El Municipio agradece la disposici\u00f3n y el acompa\u00f1amiento de los mencionados medios locales y canales de streaming, cuyo aporte ser\u00e1 fundamental para que la Fiesta Municipal del Encendido del \u00c1rbol llegue a m\u00e1s hogares.<\/p>\n","protected":false},"excerpt":{"rendered":"<p>El Municipio de R\u00edo Grande informa que, en el marco de la realizaci\u00f3n del tradicional&#8230;<\/p>\n","protected":false},"author":1,"featured_media":61057,"comment_status":"closed","ping_status":"closed","sticky":false,"template":"","format":"standard","meta":{"footnotes":""},"categories":[3],"tags":[],"class_list":["post-61056","post","type-post","status-publish","format-standard","has-post-thumbnail","hentry","category-noticias"],"jetpack_featured_media_url":"https:\/\/hablemosclarotdf.com.ar\/wp-content\/uploads\/2025\/12\/photo_2025-12-07_14-28-12.jpg","_links":{"self":[{"href":"https:\/\/hablemosclarotdf.com.ar\/index.php?rest_route=\/wp\/v2\/posts\/61056","targetHints":{"allow":["GET"]}}],"collection":[{"href":"https:\/\/hablemosclarotdf.com.ar\/index.php?rest_route=\/wp\/v2\/posts"}],"about":[{"href":"https:\/\/hablemosclarotdf.com.ar\/index.php?rest_route=\/wp\/v2\/types\/post"}],"author":[{"embeddable":true,"href":"https:\/\/hablemosclarotdf.com.ar\/index.php?rest_route=\/wp\/v2\/users\/1"}],"replies":[{"embeddable":true,"href":"https:\/\/hablemosclarotdf.com.ar\/index.php?rest_route=%2Fwp%2Fv2%2Fcomments&post=61056"}],"version-history":[{"count":1,"href":"https:\/\/hablemosclarotdf.com.ar\/index.php?rest_route=\/wp\/v2\/posts\/61056\/revisions"}],"predecessor-version":[{"id":61058,"href":"https:\/\/hablemosclarotdf.com.ar\/index.php?rest_route=\/wp\/v2\/posts\/61056\/revisions\/61058"}],"wp:featuredmedia":[{"embeddable":true,"href":"https:\/\/hablemosclarotdf.com.ar\/index.php?rest_route=\/wp\/v2\/media\/61057"}],"wp:attachment":[{"href":"https:\/\/hablemosclarotdf.com.ar\/index.php?rest_route=%2Fwp%2Fv2%2Fmedia&parent=61056"}],"wp:term":[{"taxonomy":"category","embeddable":true,"href":"https:\/\/hablemosclarotdf.com.ar\/index.php?rest_route=%2Fwp%2Fv2%2Fcategories&post=61056"},{"taxonomy":"post_tag","embeddable":true,"href":"https:\/\/hablemosclarotdf.com.ar\/index.php?rest_route=%2Fwp%2Fv2%2Ftags&post=61056"}],"curies":[{"name":"wp","href":"https:\/\/api.w.org\/{rel}","templated":true}]}}