{"id":61047,"date":"2025-12-07T11:52:10","date_gmt":"2025-12-07T14:52:10","guid":{"rendered":"https:\/\/hablemosclarotdf.com.ar\/?p=61047"},"modified":"2025-12-07T11:52:10","modified_gmt":"2025-12-07T14:52:10","slug":"tierra-del-fuego-sumo-nuevos-cuidadores-domiciliarios-formados-en-el-curso-el-arte-de-cuidar","status":"publish","type":"post","link":"https:\/\/hablemosclarotdf.com.ar\/?p=61047","title":{"rendered":"TIERRA DEL FUEGO SUM\u00d3 NUEVOS CUIDADORES DOMICILIARIOS FORMADOS EN EL CURSO \u201cEL ARTE DE CUIDAR\u201d"},"content":{"rendered":"<p>El curso \u201cAsistentes en el Arte de Cuidar\u201d, impulsado por la Fundaci\u00f3n OSDE en articulaci\u00f3n con el Ministerio de Salud y la Cl\u00ednica San Jorge, finaliz\u00f3 este viernes con la entrega de certificados a 18 nuevos cuidadores domiciliarios. Se trata de la segunda edici\u00f3n que se desarrolla en la provincia, luego de la exitosa experiencia realizada en R\u00edo Grande.<\/p>\n<p>La ceremonia se llev\u00f3 a cabo en el sal\u00f3n de OSDE Ushuaia y fue encabezada por la ministra de Salud, Judit Di Giglio; la gerente de OSDE en la provincia, Cecilia Iacovino; el gerente de la Cl\u00ednica San Jorge, Carlos S\u00e1nchez Posleman; el director m\u00e9dico de la Cl\u00ednica, Jorge Sagard\u00eda; y la directora del Centro Provincial de Rehabilitaci\u00f3n, Gisela Mollo.<\/p>\n<p>El curso se dict\u00f3 entre septiembre y noviembre, con dos cursadas semanales, brindando a los participantes herramientas fundamentales para el acompa\u00f1amiento y la asistencia de personas en situaci\u00f3n de vulnerabilidad, con foco en la promoci\u00f3n de autonom\u00eda, bienestar y cuidados integrales.<\/p>\n<p>Durante la entrega de diplomas, la ministra Di Giglio elogi\u00f3 a los nuevos cuidadores y destac\u00f3 el valor del trabajo conjunto entre los sectores p\u00fablico y privado.<\/p>\n<p>\u201cQuiero felicitar sinceramente a cada uno de ustedes por el compromiso y la dedicaci\u00f3n que demostraron durante la capacitaci\u00f3n. La labor de cuidar es profundamente significativa. Celebro tambi\u00e9n el trabajo conjunto entre el sector p\u00fablico y privado; esa sinergia de esfuerzos y recursos es la que hace posible avanzar y obtener estos resultados que fortalecen nuestro sistema de cuidados\u201d, indic\u00f3 la Ministra.<\/p>\n<p>Por su parte, Iacovino record\u00f3 que la llegada de esta capacitaci\u00f3n a Ushuaia se gest\u00f3 tras el \u00e9xito alcanzado en R\u00edo Grande, donde se formaron m\u00e1s de 60 cuidadores.<\/p>\n<p>\u201cPara nosotros es emocionante llevar adelante este tipo de propuestas. Sabemos que m\u00e1s all\u00e1 del resultado dejamos una huella en la comunidad. La expectativa inicial de los alumnos qued\u00f3 chica frente a lo que realmente se llevan hoy\u201d, se\u00f1al\u00f3.<\/p>\n<p>El curso \u201cAsistente en el Arte de Cuidar\u201d, creado por la Fundaci\u00f3n OSDE, cuenta con 23 a\u00f1os de trayectoria, m\u00e1s de 4600 egresados en todo el pa\u00eds y ya suma 111 ediciones. Naci\u00f3 en 2002 con el objetivo de profesionalizar una tarea hist\u00f3ricamente desempe\u00f1ada sin formaci\u00f3n formal, en un contexto de aumento de la expectativa de vida y creciente demanda de cuidados especializados.<\/p>\n<p><img loading=\"lazy\" decoding=\"async\" class=\"alignnone size-medium wp-image-61049\" src=\"https:\/\/hablemosclarotdf.com.ar\/wp-content\/uploads\/2025\/12\/photo_2025-12-07_11-50-49-300x200.jpg\" alt=\"\" width=\"300\" height=\"200\" srcset=\"https:\/\/hablemosclarotdf.com.ar\/wp-content\/uploads\/2025\/12\/photo_2025-12-07_11-50-49-300x200.jpg 300w, https:\/\/hablemosclarotdf.com.ar\/wp-content\/uploads\/2025\/12\/photo_2025-12-07_11-50-49-1024x682.jpg 1024w, https:\/\/hablemosclarotdf.com.ar\/wp-content\/uploads\/2025\/12\/photo_2025-12-07_11-50-49-768x511.jpg 768w, https:\/\/hablemosclarotdf.com.ar\/wp-content\/uploads\/2025\/12\/photo_2025-12-07_11-50-49.jpg 1280w\" sizes=\"auto, (max-width: 300px) 100vw, 300px\" \/> <img loading=\"lazy\" decoding=\"async\" class=\"alignnone size-medium wp-image-61050\" src=\"https:\/\/hablemosclarotdf.com.ar\/wp-content\/uploads\/2025\/12\/photo_2025-12-07_11-50-55-300x200.jpg\" alt=\"\" width=\"300\" height=\"200\" srcset=\"https:\/\/hablemosclarotdf.com.ar\/wp-content\/uploads\/2025\/12\/photo_2025-12-07_11-50-55-300x200.jpg 300w, https:\/\/hablemosclarotdf.com.ar\/wp-content\/uploads\/2025\/12\/photo_2025-12-07_11-50-55-1024x682.jpg 1024w, https:\/\/hablemosclarotdf.com.ar\/wp-content\/uploads\/2025\/12\/photo_2025-12-07_11-50-55-768x511.jpg 768w, https:\/\/hablemosclarotdf.com.ar\/wp-content\/uploads\/2025\/12\/photo_2025-12-07_11-50-55.jpg 1280w\" sizes=\"auto, (max-width: 300px) 100vw, 300px\" \/> <img loading=\"lazy\" decoding=\"async\" class=\"alignnone size-medium wp-image-61051\" src=\"https:\/\/hablemosclarotdf.com.ar\/wp-content\/uploads\/2025\/12\/photo_2025-12-07_11-51-01-300x200.jpg\" alt=\"\" width=\"300\" height=\"200\" srcset=\"https:\/\/hablemosclarotdf.com.ar\/wp-content\/uploads\/2025\/12\/photo_2025-12-07_11-51-01-300x200.jpg 300w, https:\/\/hablemosclarotdf.com.ar\/wp-content\/uploads\/2025\/12\/photo_2025-12-07_11-51-01-1024x682.jpg 1024w, https:\/\/hablemosclarotdf.com.ar\/wp-content\/uploads\/2025\/12\/photo_2025-12-07_11-51-01-768x511.jpg 768w, https:\/\/hablemosclarotdf.com.ar\/wp-content\/uploads\/2025\/12\/photo_2025-12-07_11-51-01.jpg 1280w\" sizes=\"auto, (max-width: 300px) 100vw, 300px\" \/><\/p>\n","protected":false},"excerpt":{"rendered":"<p>El curso \u201cAsistentes en el Arte de Cuidar\u201d, impulsado por la Fundaci\u00f3n OSDE en articulaci\u00f3n&#8230;<\/p>\n","protected":false},"author":1,"featured_media":61048,"comment_status":"closed","ping_status":"closed","sticky":false,"template":"","format":"standard","meta":{"footnotes":""},"categories":[3],"tags":[],"class_list":["post-61047","post","type-post","status-publish","format-standard","has-post-thumbnail","hentry","category-noticias"],"jetpack_featured_media_url":"https:\/\/hablemosclarotdf.com.ar\/wp-content\/uploads\/2025\/12\/photo_2025-12-07_11-50-39.jpg","_links":{"self":[{"href":"https:\/\/hablemosclarotdf.com.ar\/index.php?rest_route=\/wp\/v2\/posts\/61047","targetHints":{"allow":["GET"]}}],"collection":[{"href":"https:\/\/hablemosclarotdf.com.ar\/index.php?rest_route=\/wp\/v2\/posts"}],"about":[{"href":"https:\/\/hablemosclarotdf.com.ar\/index.php?rest_route=\/wp\/v2\/types\/post"}],"author":[{"embeddable":true,"href":"https:\/\/hablemosclarotdf.com.ar\/index.php?rest_route=\/wp\/v2\/users\/1"}],"replies":[{"embeddable":true,"href":"https:\/\/hablemosclarotdf.com.ar\/index.php?rest_route=%2Fwp%2Fv2%2Fcomments&post=61047"}],"version-history":[{"count":1,"href":"https:\/\/hablemosclarotdf.com.ar\/index.php?rest_route=\/wp\/v2\/posts\/61047\/revisions"}],"predecessor-version":[{"id":61052,"href":"https:\/\/hablemosclarotdf.com.ar\/index.php?rest_route=\/wp\/v2\/posts\/61047\/revisions\/61052"}],"wp:featuredmedia":[{"embeddable":true,"href":"https:\/\/hablemosclarotdf.com.ar\/index.php?rest_route=\/wp\/v2\/media\/61048"}],"wp:attachment":[{"href":"https:\/\/hablemosclarotdf.com.ar\/index.php?rest_route=%2Fwp%2Fv2%2Fmedia&parent=61047"}],"wp:term":[{"taxonomy":"category","embeddable":true,"href":"https:\/\/hablemosclarotdf.com.ar\/index.php?rest_route=%2Fwp%2Fv2%2Fcategories&post=61047"},{"taxonomy":"post_tag","embeddable":true,"href":"https:\/\/hablemosclarotdf.com.ar\/index.php?rest_route=%2Fwp%2Fv2%2Ftags&post=61047"}],"curies":[{"name":"wp","href":"https:\/\/api.w.org\/{rel}","templated":true}]}}