{"id":61044,"date":"2025-12-07T11:39:21","date_gmt":"2025-12-07T14:39:21","guid":{"rendered":"https:\/\/hablemosclarotdf.com.ar\/?p=61044"},"modified":"2025-12-07T11:39:21","modified_gmt":"2025-12-07T14:39:21","slug":"rio-grande-encendido-del-arbolito-2025-cronograma-de-actividades","status":"publish","type":"post","link":"https:\/\/hablemosclarotdf.com.ar\/?p=61044","title":{"rendered":"RIO GRANDE : ENCENDIDO DEL ARBOLITO 2025: CRONOGRAMA DE ACTIVIDADES"},"content":{"rendered":"<p>APERTURA DEL MINIPARQUE VIAL<\/p>\n<p>Esta propuesta comenzar\u00e1 a partir de las 14 horas en el sector del Cono de Sombra, ubicado en Posadas y Santa Fe. All\u00ed las infancias podr\u00e1n aprender, mediante el juego, aspectos fundamentales de seguridad vial a trav\u00e9s de actividades educativas, juegos y recorridos guiados. Luego, desde las 15 horas, la propuesta se trasladar\u00e1 hacia la avenida H\u00e9roes de Malvinas, donde se instalar\u00e1 un circuito vial ampliado con bicis adaptadas, monopatines y mini veh\u00edculos, generando un espacio de aprendizaje l\u00fadico sobre movilidad segura.<\/p>\n<p>INICIO DE ACTIVIDADES EN EL BIM 5<\/p>\n<p>A partir de las 15:30 horas, en el predio del BIM 5, se desplegar\u00e1 una amplia agenda deportiva y recreativa, que incluir\u00e1 el cierre de las escuelitas deportivas municipales.<br \/>\nLos equipos del Batall\u00f3n sumar\u00e1n propuestas l\u00fadicas para las infancias y compartir\u00e1n chocolatada y tortas fritas con las familias. Tambi\u00e9n habr\u00e1 carros gastron\u00f3micos y stands.<br \/>\nAsimismo, la Juegoteca ser\u00e1 part\u00edcipe de las actividades mencionadas, a trav\u00e9s de propuestas recreativas y juegos para ni\u00f1as y ni\u00f1os.<\/p>\n<p>APERTURA DEL ESCENARIO ART\u00cdSTICO<\/p>\n<p>A las 16:30 horas se abrir\u00e1 el escenario principal con la presentaci\u00f3n de C Baila Cumbia, seguido por Se\u00f1ora Cumbia, De Caravana y Q\u2019 Descontrol. Las bandas locales animar\u00e1n la tarde con todo su ritmo, preparando el ambiente festivo para la llegada del espect\u00e1culo central.<\/p>\n<p>SHOW PRINCIPAL DE LUCK RA<\/p>\n<p>El momento m\u00e1s esperado de la noche llegar\u00e1 alrededor de las 19 horas, con la presentaci\u00f3n de Luck Ra, uno de los artistas m\u00e1s convocantes del momento. Su show promete ser un espect\u00e1culo imperdible para celebrar el cierre del a\u00f1o junto a las vecinas y los vecinos riograndenses.<\/p>\n<p>PREVIA AL ENCENDIDO: DJS Y BANDA MUNICIPAL<\/p>\n<p>Tras el show de Luck Ra, la noche seguir\u00e1 con la m\u00fasica de Dj Topo, Machete y la querida Banda Municipal, que interpretar\u00e1 un repertorio especial junto a artistas invitados, acompa\u00f1ando la previa al tradicional encendido del \u00e1rbol.<\/p>\n<p>ENCENDIDO DEL ARBOLITO<\/p>\n<p>A la medianoche llegar\u00e1 el gran momento del Encendido del Arbolito, que nuevamente contar\u00e1 con iluminaci\u00f3n LED de alta tecnolog\u00eda para llenar de magia y color el Parque de los 100 A\u00f1os.<\/p>\n<p>AFTER DEL ENCENDIDO<\/p>\n<p>Finalmente, desde las 00:30 horas, comenzar\u00e1 el After del Encendido con Dj Rastamari, Harry Dj y Leo Garrido, con la animaci\u00f3n de Machete y Mauri G\u00f3mez, para que las vecinas y los vecinos contin\u00faen celebrando en un ambiente seguro, festivo y familiar.<\/p>\n","protected":false},"excerpt":{"rendered":"<p>APERTURA DEL MINIPARQUE VIAL Esta propuesta comenzar\u00e1 a partir de las 14 horas en el&#8230;<\/p>\n","protected":false},"author":1,"featured_media":61045,"comment_status":"closed","ping_status":"closed","sticky":false,"template":"","format":"standard","meta":{"footnotes":""},"categories":[3],"tags":[],"class_list":["post-61044","post","type-post","status-publish","format-standard","has-post-thumbnail","hentry","category-noticias"],"jetpack_featured_media_url":"https:\/\/hablemosclarotdf.com.ar\/wp-content\/uploads\/2025\/12\/photo_2025-12-07_11-38-49.jpg","_links":{"self":[{"href":"https:\/\/hablemosclarotdf.com.ar\/index.php?rest_route=\/wp\/v2\/posts\/61044","targetHints":{"allow":["GET"]}}],"collection":[{"href":"https:\/\/hablemosclarotdf.com.ar\/index.php?rest_route=\/wp\/v2\/posts"}],"about":[{"href":"https:\/\/hablemosclarotdf.com.ar\/index.php?rest_route=\/wp\/v2\/types\/post"}],"author":[{"embeddable":true,"href":"https:\/\/hablemosclarotdf.com.ar\/index.php?rest_route=\/wp\/v2\/users\/1"}],"replies":[{"embeddable":true,"href":"https:\/\/hablemosclarotdf.com.ar\/index.php?rest_route=%2Fwp%2Fv2%2Fcomments&post=61044"}],"version-history":[{"count":1,"href":"https:\/\/hablemosclarotdf.com.ar\/index.php?rest_route=\/wp\/v2\/posts\/61044\/revisions"}],"predecessor-version":[{"id":61046,"href":"https:\/\/hablemosclarotdf.com.ar\/index.php?rest_route=\/wp\/v2\/posts\/61044\/revisions\/61046"}],"wp:featuredmedia":[{"embeddable":true,"href":"https:\/\/hablemosclarotdf.com.ar\/index.php?rest_route=\/wp\/v2\/media\/61045"}],"wp:attachment":[{"href":"https:\/\/hablemosclarotdf.com.ar\/index.php?rest_route=%2Fwp%2Fv2%2Fmedia&parent=61044"}],"wp:term":[{"taxonomy":"category","embeddable":true,"href":"https:\/\/hablemosclarotdf.com.ar\/index.php?rest_route=%2Fwp%2Fv2%2Fcategories&post=61044"},{"taxonomy":"post_tag","embeddable":true,"href":"https:\/\/hablemosclarotdf.com.ar\/index.php?rest_route=%2Fwp%2Fv2%2Ftags&post=61044"}],"curies":[{"name":"wp","href":"https:\/\/api.w.org\/{rel}","templated":true}]}}