{"id":61040,"date":"2025-12-07T09:08:32","date_gmt":"2025-12-07T12:08:32","guid":{"rendered":"https:\/\/hablemosclarotdf.com.ar\/?p=61040"},"modified":"2025-12-07T09:08:32","modified_gmt":"2025-12-07T12:08:32","slug":"hoy-comienza-la-32o-edicion-de-los-juegos-binacionales-de-la-araucania","status":"publish","type":"post","link":"https:\/\/hablemosclarotdf.com.ar\/?p=61040","title":{"rendered":"HOY COMIENZA LA 32\u00ba EDICI\u00d3N DE LOS JUEGOS BINACIONALES DE LA ARAUCAN\u00cdA"},"content":{"rendered":"<p>Los XXXII Juegos Binacionales de la Araucan\u00eda iniciar\u00e1n este domingo con la participaci\u00f3n de los seleccionados de Tierra del Fuego que intervendr\u00e1n desde las 9 de la ma\u00f1ana en la provincia de La Pampa.<\/p>\n<p>Luego de la etapa de las acreditaciones concretadas durante la jornada del s\u00e1bado, este domingo a primera hora entrar\u00e1 en acci\u00f3n el ciclismo masculino y femenino (contrarreloj para ambas ramas) en el aut\u00f3dromo de Toay; y en el mismo horario ser\u00e1 el turno de los varones del judo (en todas las categor\u00edas) en el gimnasio de la Escuela 95 de Santa Rosa.<\/p>\n<p>En la misma ciudad, el seleccionado masculino de b\u00e1squet enfrentar\u00e1 a Araucan\u00eda en el debut (11:00), en el gimnasio de All Boys, y a partir de las 16 horas llegar\u00e1 la presentaci\u00f3n del atletismo, en la pista del Parque Don Tom\u00e1s de la capital pampeana, con las finales femeninas de lanzamiento de disco, 1500 metros llanos, salto en largo y 400 metros llanos; y las pruebas masculinas de salto en alto, 1500 metros llanos, lanzamiento de bala y 400 metros llanos.<\/p>\n<p>Adem\u00e1s, en distintos puntos de La Pampa se concretar\u00e1 el primer d\u00eda de competencia con el b\u00e1squet femenino frente a Magallanes (a las 9 de la ma\u00f1ana), el f\u00fatbol femenino en General Pico (en la cancha de Costa Brava desde las 10) el v\u00f3ley masculino contra R\u00edo Negro a las15 horas, en el club Estudiantil de Eduardo Castex y el v\u00f3ley femenino (en doble turno, a las 10:30 y a las 17, en Sportivo Pampero de Ataliva Roca).<\/p>\n<p>Por su parte, el f\u00fatbol masculino tendr\u00e1 libre la primera jornada a la espera de los encuentros frente a La Pampa y Magallanes en las jornadas siguientes, mientras que el seleccionado de nataci\u00f3n tambi\u00e9n iniciar\u00e1 su competencia el lunes, en el recientemente inaugurado Centro de Rehabilitaci\u00f3n de la localidad de Miguel Riglos.<\/p>\n<p>Cabe mencionar que el acto de inauguraci\u00f3n principal se realizar\u00e1 en el Anfiteatro del Centro C\u00edvico de Santa Rosa y en simult\u00e1neo habr\u00e1 presentaci\u00f3n de los Juegos de la Araucan\u00eda en General Acha, General Pico y Eduardo Castex.<\/p>\n<p>JUEGOS BINACIONALES DE LA ARAUCAN\u00cdA<br \/>\nLA PAMPA 2025<\/p>\n<p>DOMINGO 7 DE DICIEMBRE<\/p>\n<p>9:00 \u2013 Ciclismo femenino: Contrarreloj por equipos 10 kms. (Toay)<br \/>\n9:00 \u2013 B\u00e1squet Femenino: TDF vs. Magallanes (Centro Rinc\u00f3n Vasco \u2013 Gral. Acha)<br \/>\n9:00 \u2013 Judo masculino (Esc. 95 \u2013 Santa Rosa)<br \/>\n10:00 &#8211; F\u00fatbol Femenino: TDF vs. \u00d1uble (Costa Brava \u2013 Pico)<br \/>\n10:15 &#8211; Ciclismo Masculino &#8211; Contrarreloj por equipos 20 kms. (Toay)<br \/>\n10:30 \u2013 V\u00f3ley Femenino: TDF vs. Araucan\u00eda (Pampero \u2013 Ataliva Roca)<br \/>\n11:00 \u2013 B\u00e1squet Masc: TDF vs. Araucan\u00eda (All Boys \u2013 Santa Rosa)<br \/>\n15:00 \u2013 V\u00f3ley Masc: TDF vs. R\u00edo Negro (Estudiantil \u2013 Castex)<br \/>\n16:00 \u2013 Atletismo Fem. y Masc. (Pista de atletismo Santa Rosa)<br \/>\n17:00 \u2013 V\u00f3ley Femenino: TDF vs. R\u00edo Negro (Pampero \u2013 Ataliva Roca)<br \/>\n20:00 \u2013 Ceremonia Apertura (Anfiteatro Centro C\u00edvico de Santa Rosa)<\/p>\n<p><img loading=\"lazy\" decoding=\"async\" class=\"alignnone size-medium wp-image-61042\" src=\"https:\/\/hablemosclarotdf.com.ar\/wp-content\/uploads\/2025\/12\/photo_2025-12-07_09-07-46-300x200.jpg\" alt=\"\" width=\"300\" height=\"200\" srcset=\"https:\/\/hablemosclarotdf.com.ar\/wp-content\/uploads\/2025\/12\/photo_2025-12-07_09-07-46-300x200.jpg 300w, https:\/\/hablemosclarotdf.com.ar\/wp-content\/uploads\/2025\/12\/photo_2025-12-07_09-07-46-1024x682.jpg 1024w, https:\/\/hablemosclarotdf.com.ar\/wp-content\/uploads\/2025\/12\/photo_2025-12-07_09-07-46-768x511.jpg 768w, https:\/\/hablemosclarotdf.com.ar\/wp-content\/uploads\/2025\/12\/photo_2025-12-07_09-07-46.jpg 1280w\" sizes=\"auto, (max-width: 300px) 100vw, 300px\" \/><\/p>\n","protected":false},"excerpt":{"rendered":"<p>Los XXXII Juegos Binacionales de la Araucan\u00eda iniciar\u00e1n este domingo con la participaci\u00f3n de los&#8230;<\/p>\n","protected":false},"author":1,"featured_media":61041,"comment_status":"closed","ping_status":"closed","sticky":false,"template":"","format":"standard","meta":{"footnotes":""},"categories":[3],"tags":[],"class_list":["post-61040","post","type-post","status-publish","format-standard","has-post-thumbnail","hentry","category-noticias"],"jetpack_featured_media_url":"https:\/\/hablemosclarotdf.com.ar\/wp-content\/uploads\/2025\/12\/photo_2025-12-07_09-07-36.jpg","_links":{"self":[{"href":"https:\/\/hablemosclarotdf.com.ar\/index.php?rest_route=\/wp\/v2\/posts\/61040","targetHints":{"allow":["GET"]}}],"collection":[{"href":"https:\/\/hablemosclarotdf.com.ar\/index.php?rest_route=\/wp\/v2\/posts"}],"about":[{"href":"https:\/\/hablemosclarotdf.com.ar\/index.php?rest_route=\/wp\/v2\/types\/post"}],"author":[{"embeddable":true,"href":"https:\/\/hablemosclarotdf.com.ar\/index.php?rest_route=\/wp\/v2\/users\/1"}],"replies":[{"embeddable":true,"href":"https:\/\/hablemosclarotdf.com.ar\/index.php?rest_route=%2Fwp%2Fv2%2Fcomments&post=61040"}],"version-history":[{"count":1,"href":"https:\/\/hablemosclarotdf.com.ar\/index.php?rest_route=\/wp\/v2\/posts\/61040\/revisions"}],"predecessor-version":[{"id":61043,"href":"https:\/\/hablemosclarotdf.com.ar\/index.php?rest_route=\/wp\/v2\/posts\/61040\/revisions\/61043"}],"wp:featuredmedia":[{"embeddable":true,"href":"https:\/\/hablemosclarotdf.com.ar\/index.php?rest_route=\/wp\/v2\/media\/61041"}],"wp:attachment":[{"href":"https:\/\/hablemosclarotdf.com.ar\/index.php?rest_route=%2Fwp%2Fv2%2Fmedia&parent=61040"}],"wp:term":[{"taxonomy":"category","embeddable":true,"href":"https:\/\/hablemosclarotdf.com.ar\/index.php?rest_route=%2Fwp%2Fv2%2Fcategories&post=61040"},{"taxonomy":"post_tag","embeddable":true,"href":"https:\/\/hablemosclarotdf.com.ar\/index.php?rest_route=%2Fwp%2Fv2%2Ftags&post=61040"}],"curies":[{"name":"wp","href":"https:\/\/api.w.org\/{rel}","templated":true}]}}