{"id":61022,"date":"2025-12-06T17:11:01","date_gmt":"2025-12-06T20:11:01","guid":{"rendered":"https:\/\/hablemosclarotdf.com.ar\/?p=61022"},"modified":"2025-12-06T17:11:01","modified_gmt":"2025-12-06T20:11:01","slug":"tierra-del-fuego-fortalece-su-conectividad-con-la-inauguracion-del-vuelo-directo-cordoba-ushuaia-de-flybondi","status":"publish","type":"post","link":"https:\/\/hablemosclarotdf.com.ar\/?p=61022","title":{"rendered":"TIERRA DEL FUEGO FORTALECE SU CONECTIVIDAD CON LA INAUGURACI\u00d3N DEL VUELO DIRECTO C\u00d3RDOBA\u2013USHUAIA DE FLYBONDI"},"content":{"rendered":"<p>La provincia sum\u00f3 tres vuelos semanales directos C\u00f3rdoba\u2013Ushuaia en esta temporada de verano de la l\u00ednea a\u00e9rea low cost Flybondi, con un exitoso vuelo inaugural realizado el d\u00eda s\u00e1bado, que recibi\u00f3 a un importante n\u00famero de turistas y residentes durante el fin de semana largo.<\/p>\n<p>Adem\u00e1s de esta nueva ruta, la aerol\u00ednea conecta Ushuaia con Buenos Aires y El Calafate, fortaleciendo as\u00ed la conectividad del sur del pa\u00eds.<\/p>\n<p>Al respecto, el presidente del Instituto Fueguino de Turismo, Dante Querciali, destac\u00f3 \u201cla importancia de que las empresas a\u00e9reas puedan contar con nuevas rutas hacia nuestro destino, lo que significa mayor conectividad a\u00e9rea. Felicito y agradezco a la empresa Flybondi por seguir apostando al Fin del Mundo\u201d. A lo que a\u00f1adi\u00f3: \u201cContinuamos promoviendo la conectividad del destino, con gestiones que permiten un flujo constante de viajeros de diferentes provincias que eligen el Fin del Mundo. Adem\u00e1s, esta ruta ofrece una opci\u00f3n directa y accesible para los residentes de Tierra del Fuego que estudian o tienen familiares en el centro del pa\u00eds. La diversificaci\u00f3n de rutas es clave para el crecimiento sostenido de nuestra actividad tur\u00edstica\u201d.<\/p>\n<p>Por su parte, Federico Pastori, Director Comercial de Flybondi, agreg\u00f3: \u2018Estamos muy contentos de inaugurar esta nueva ruta que conecta el sur con el centro del pa\u00eds. Con la conexi\u00f3n C\u00f3rdoba\u2013Ushuaia seguimos ampliando La Libertad de Volar: cada nuevo destino abre oportunidades para m\u00e1s personas, impulsa el desarrollo regional y refuerza nuestro compromiso de ofrecer un servicio accesible, seguro y eficiente&#8221; .<\/p>\n<p>Desde el inicio de sus operaciones en 2018, Flybondi ya transport\u00f3 a m\u00e1s de 17 millones de personas. Un 20% de esos pasajeros vol\u00f3 por primera vez en su vida, reafirmando el prop\u00f3sito de la aerol\u00ednea de democratizar el acceso al avi\u00f3n como medio de transporte.<\/p>\n<p>Cabe destacar que, entre las acciones para potenciar la llegada de viajeros al destino, se lanz\u00f3 el c\u00f3digo promocional FLYUSHUAIA, con descuentos del 20 %, el cual contin\u00faa vigente hasta el 8 de diciembre para utilizarse en compras realizadas a trav\u00e9s del sitio web de la aerol\u00ednea. \u201cLos descuentos son para pasajes de vuelos desde Ushuaia hacia Buenos Aires y C\u00f3rdoba, y viceversa, ingresando el c\u00f3digo antes de finalizar la compra\u201d, precisaron.<\/p>\n","protected":false},"excerpt":{"rendered":"<p>La provincia sum\u00f3 tres vuelos semanales directos C\u00f3rdoba\u2013Ushuaia en esta temporada de verano de la&#8230;<\/p>\n","protected":false},"author":1,"featured_media":61023,"comment_status":"closed","ping_status":"closed","sticky":false,"template":"","format":"standard","meta":{"footnotes":""},"categories":[3],"tags":[],"class_list":["post-61022","post","type-post","status-publish","format-standard","has-post-thumbnail","hentry","category-noticias"],"jetpack_featured_media_url":"https:\/\/hablemosclarotdf.com.ar\/wp-content\/uploads\/2025\/12\/photo_2025-12-06_17-10-12.jpg","_links":{"self":[{"href":"https:\/\/hablemosclarotdf.com.ar\/index.php?rest_route=\/wp\/v2\/posts\/61022","targetHints":{"allow":["GET"]}}],"collection":[{"href":"https:\/\/hablemosclarotdf.com.ar\/index.php?rest_route=\/wp\/v2\/posts"}],"about":[{"href":"https:\/\/hablemosclarotdf.com.ar\/index.php?rest_route=\/wp\/v2\/types\/post"}],"author":[{"embeddable":true,"href":"https:\/\/hablemosclarotdf.com.ar\/index.php?rest_route=\/wp\/v2\/users\/1"}],"replies":[{"embeddable":true,"href":"https:\/\/hablemosclarotdf.com.ar\/index.php?rest_route=%2Fwp%2Fv2%2Fcomments&post=61022"}],"version-history":[{"count":1,"href":"https:\/\/hablemosclarotdf.com.ar\/index.php?rest_route=\/wp\/v2\/posts\/61022\/revisions"}],"predecessor-version":[{"id":61024,"href":"https:\/\/hablemosclarotdf.com.ar\/index.php?rest_route=\/wp\/v2\/posts\/61022\/revisions\/61024"}],"wp:featuredmedia":[{"embeddable":true,"href":"https:\/\/hablemosclarotdf.com.ar\/index.php?rest_route=\/wp\/v2\/media\/61023"}],"wp:attachment":[{"href":"https:\/\/hablemosclarotdf.com.ar\/index.php?rest_route=%2Fwp%2Fv2%2Fmedia&parent=61022"}],"wp:term":[{"taxonomy":"category","embeddable":true,"href":"https:\/\/hablemosclarotdf.com.ar\/index.php?rest_route=%2Fwp%2Fv2%2Fcategories&post=61022"},{"taxonomy":"post_tag","embeddable":true,"href":"https:\/\/hablemosclarotdf.com.ar\/index.php?rest_route=%2Fwp%2Fv2%2Ftags&post=61022"}],"curies":[{"name":"wp","href":"https:\/\/api.w.org\/{rel}","templated":true}]}}