{"id":60960,"date":"2025-12-06T12:19:50","date_gmt":"2025-12-06T15:19:50","guid":{"rendered":"https:\/\/hablemosclarotdf.com.ar\/?p=60960"},"modified":"2025-12-06T12:19:50","modified_gmt":"2025-12-06T15:19:50","slug":"se-realizo-jornada-en-el-marco-de-los-10-anos-de-la-sancion-del-codigo-civil-y-comercial-de-la-nacion","status":"publish","type":"post","link":"https:\/\/hablemosclarotdf.com.ar\/?p=60960","title":{"rendered":"SE REALIZ\u00d3 JORNADA EN EL MARCO DE LOS 10 A\u00d1OS DE LA SANCI\u00d3N DEL C\u00d3DIGO CIVIL Y COMERCIAL DE LA NACI\u00d3N"},"content":{"rendered":"<p>El Secretario de Justicia de la provincia, Gonzalo Carrillo, junto a la Presidenta del Superior Tribunal de Justicia, Mar\u00eda del Carmen Battaini encabezaron las Jornadas en el marco de los 10 a\u00f1os de la Sanci\u00f3n del C\u00f3digo Civil y Comercial de la Naci\u00f3n. Particip\u00f3 la Vicegobernadora M\u00f3nica Urquiza, autoridades de diversas \u00e1reas del Estado y profesionales del sector.<\/p>\n<p>El encuentro cont\u00f3 con la presencia de reconocidos profesionales de alcance tanto nacional como internacional del derecho de las familias que han sido autores de las reformas en esas materias, como as\u00ed tambi\u00e9n operadores de su aplicaci\u00f3n y efectivizaci\u00f3n.<\/p>\n<p>El Secretario Carrillo destac\u00f3 que \u201cestamos muy contentos de haber organizado junto al Superior Tribunal estas Jornadas para celebrar no s\u00f3lo los 10 a\u00f1os del C\u00f3digo, sino tambi\u00e9n para revisar qu\u00e9 hemos hecho en este tiempo y c\u00f3mo ha evolucionado sobre todo el derecho de las familias y las ni\u00f1eces que nos atraviesa a todos como comunidad\u201d.<\/p>\n<p>Por su parte, la Dra Battaini subray\u00f3 la importancia de seguir profundizando la reflexi\u00f3n en torno al impacto del C\u00f3digo en el acceso a justicia y valor\u00f3 la presencia de especialistas que contribuyen al debate acad\u00e9mico y judicial.<\/p>\n<p><img loading=\"lazy\" decoding=\"async\" class=\"alignnone size-medium wp-image-60962\" src=\"https:\/\/hablemosclarotdf.com.ar\/wp-content\/uploads\/2025\/12\/photo_2025-12-06_12-18-50-300x200.jpg\" alt=\"\" width=\"300\" height=\"200\" srcset=\"https:\/\/hablemosclarotdf.com.ar\/wp-content\/uploads\/2025\/12\/photo_2025-12-06_12-18-50-300x200.jpg 300w, https:\/\/hablemosclarotdf.com.ar\/wp-content\/uploads\/2025\/12\/photo_2025-12-06_12-18-50-1024x682.jpg 1024w, https:\/\/hablemosclarotdf.com.ar\/wp-content\/uploads\/2025\/12\/photo_2025-12-06_12-18-50-768x512.jpg 768w, https:\/\/hablemosclarotdf.com.ar\/wp-content\/uploads\/2025\/12\/photo_2025-12-06_12-18-50.jpg 1280w\" sizes=\"auto, (max-width: 300px) 100vw, 300px\" \/> <img loading=\"lazy\" decoding=\"async\" class=\"alignnone size-medium wp-image-60963\" src=\"https:\/\/hablemosclarotdf.com.ar\/wp-content\/uploads\/2025\/12\/photo_2025-12-06_12-19-00-300x200.jpg\" alt=\"\" width=\"300\" height=\"200\" srcset=\"https:\/\/hablemosclarotdf.com.ar\/wp-content\/uploads\/2025\/12\/photo_2025-12-06_12-19-00-300x200.jpg 300w, https:\/\/hablemosclarotdf.com.ar\/wp-content\/uploads\/2025\/12\/photo_2025-12-06_12-19-00-1024x682.jpg 1024w, https:\/\/hablemosclarotdf.com.ar\/wp-content\/uploads\/2025\/12\/photo_2025-12-06_12-19-00-768x512.jpg 768w, https:\/\/hablemosclarotdf.com.ar\/wp-content\/uploads\/2025\/12\/photo_2025-12-06_12-19-00.jpg 1280w\" sizes=\"auto, (max-width: 300px) 100vw, 300px\" \/><\/p>\n","protected":false},"excerpt":{"rendered":"<p>El Secretario de Justicia de la provincia, Gonzalo Carrillo, junto a la Presidenta del Superior&#8230;<\/p>\n","protected":false},"author":1,"featured_media":60961,"comment_status":"closed","ping_status":"closed","sticky":false,"template":"","format":"standard","meta":{"footnotes":""},"categories":[3],"tags":[],"class_list":["post-60960","post","type-post","status-publish","format-standard","has-post-thumbnail","hentry","category-noticias"],"jetpack_featured_media_url":"https:\/\/hablemosclarotdf.com.ar\/wp-content\/uploads\/2025\/12\/photo_2025-12-06_12-18-46.jpg","_links":{"self":[{"href":"https:\/\/hablemosclarotdf.com.ar\/index.php?rest_route=\/wp\/v2\/posts\/60960","targetHints":{"allow":["GET"]}}],"collection":[{"href":"https:\/\/hablemosclarotdf.com.ar\/index.php?rest_route=\/wp\/v2\/posts"}],"about":[{"href":"https:\/\/hablemosclarotdf.com.ar\/index.php?rest_route=\/wp\/v2\/types\/post"}],"author":[{"embeddable":true,"href":"https:\/\/hablemosclarotdf.com.ar\/index.php?rest_route=\/wp\/v2\/users\/1"}],"replies":[{"embeddable":true,"href":"https:\/\/hablemosclarotdf.com.ar\/index.php?rest_route=%2Fwp%2Fv2%2Fcomments&post=60960"}],"version-history":[{"count":1,"href":"https:\/\/hablemosclarotdf.com.ar\/index.php?rest_route=\/wp\/v2\/posts\/60960\/revisions"}],"predecessor-version":[{"id":60964,"href":"https:\/\/hablemosclarotdf.com.ar\/index.php?rest_route=\/wp\/v2\/posts\/60960\/revisions\/60964"}],"wp:featuredmedia":[{"embeddable":true,"href":"https:\/\/hablemosclarotdf.com.ar\/index.php?rest_route=\/wp\/v2\/media\/60961"}],"wp:attachment":[{"href":"https:\/\/hablemosclarotdf.com.ar\/index.php?rest_route=%2Fwp%2Fv2%2Fmedia&parent=60960"}],"wp:term":[{"taxonomy":"category","embeddable":true,"href":"https:\/\/hablemosclarotdf.com.ar\/index.php?rest_route=%2Fwp%2Fv2%2Fcategories&post=60960"},{"taxonomy":"post_tag","embeddable":true,"href":"https:\/\/hablemosclarotdf.com.ar\/index.php?rest_route=%2Fwp%2Fv2%2Ftags&post=60960"}],"curies":[{"name":"wp","href":"https:\/\/api.w.org\/{rel}","templated":true}]}}