{"id":60957,"date":"2025-12-06T12:16:07","date_gmt":"2025-12-06T15:16:07","guid":{"rendered":"https:\/\/hablemosclarotdf.com.ar\/?p=60957"},"modified":"2025-12-06T12:16:07","modified_gmt":"2025-12-06T15:16:07","slug":"rio-grande-artistas-de-la-ciudad-brillaran-en-el-escenario-de-la-fiesta-municipal-del-encendido-del-arbolito","status":"publish","type":"post","link":"https:\/\/hablemosclarotdf.com.ar\/?p=60957","title":{"rendered":"RIO GRANDE : ARTISTAS DE LA CIUDAD BRILLAR\u00c1N EN EL ESCENARIO DE LA FIESTA MUNICIPAL DEL ENCENDIDO DEL ARBOLITO"},"content":{"rendered":"<p>El Parque de los 100 A\u00f1os ser\u00e1 el punto de encuentro para una gran noche en la que los vecinos y vecinas podr\u00e1n bailar y cantar al ritmo de la m\u00fasica de nuestros artistas y el reconocido cuartetero Luck Ra.<\/p>\n<p>El Municipio de R\u00edo Grande llevar\u00e1 adelante este 7 de diciembre el tradicional &#8220;Encendido del \u00c1rbol&#8221;, una fiesta que cada a\u00f1o convoca a miles de riograndenses y visitantes de toda la regi\u00f3n para compartir una noche especial en comunidad.<\/p>\n<p>Desde las 16:30 horas, el escenario se abrir\u00e1 con toda la energ\u00eda y el talento de nuestros artistas riograndenses de cumbia y cuarteto, entre ellos \u201cC Baila Cumbia\u201d, \u201cSe\u00f1ora Cumbia\u201d, \u201cDe Caravana\u201d y \u201cQ\u2019 Descontrol\u201d. A las 19 horas, ser\u00e1 el turno del artista invitado \u201cLuck Ra\u201d, quien ofrecer\u00e1 un espect\u00e1culo para todas y todos los presentes.<\/p>\n<p>Luego, ser\u00e1 el momento de Dj Topo, con la animaci\u00f3n de Machete; y las 22 horas se presentar\u00e1 la Banda Municipal de M\u00fasica, que brindar\u00e1 un gran repertorio musical junto a diferentes cantantes invitados.<\/p>\n<p>A la medianoche se iluminar\u00e1 nuestro tradicional arbolito de Navidad, que cuenta con tecnolog\u00eda LED de \u00faltima generaci\u00f3n. Finalmente, a partir de las 00:30 vecinos y vecinas podr\u00e1n seguir disfrutando en el After del Encendido, de la mano de Dj Rastamari, Harry Dj y la animaci\u00f3n de Leo Garrido.<\/p>\n<p>De esta manera, las y los riograndenses se reunir\u00e1n para vivir una noche llena de m\u00fasica, celebraci\u00f3n y encuentro alrededor de nuestro \u00c1rbol de Navidad, para esperar la llegada de las fiestas de fin de a\u00f1o.<\/p>\n","protected":false},"excerpt":{"rendered":"<p>El Parque de los 100 A\u00f1os ser\u00e1 el punto de encuentro para una gran noche&#8230;<\/p>\n","protected":false},"author":1,"featured_media":60958,"comment_status":"closed","ping_status":"closed","sticky":false,"template":"","format":"standard","meta":{"footnotes":""},"categories":[3],"tags":[],"class_list":["post-60957","post","type-post","status-publish","format-standard","has-post-thumbnail","hentry","category-noticias"],"jetpack_featured_media_url":"https:\/\/hablemosclarotdf.com.ar\/wp-content\/uploads\/2025\/12\/photo_2025-12-06_12-15-38.jpg","_links":{"self":[{"href":"https:\/\/hablemosclarotdf.com.ar\/index.php?rest_route=\/wp\/v2\/posts\/60957","targetHints":{"allow":["GET"]}}],"collection":[{"href":"https:\/\/hablemosclarotdf.com.ar\/index.php?rest_route=\/wp\/v2\/posts"}],"about":[{"href":"https:\/\/hablemosclarotdf.com.ar\/index.php?rest_route=\/wp\/v2\/types\/post"}],"author":[{"embeddable":true,"href":"https:\/\/hablemosclarotdf.com.ar\/index.php?rest_route=\/wp\/v2\/users\/1"}],"replies":[{"embeddable":true,"href":"https:\/\/hablemosclarotdf.com.ar\/index.php?rest_route=%2Fwp%2Fv2%2Fcomments&post=60957"}],"version-history":[{"count":1,"href":"https:\/\/hablemosclarotdf.com.ar\/index.php?rest_route=\/wp\/v2\/posts\/60957\/revisions"}],"predecessor-version":[{"id":60959,"href":"https:\/\/hablemosclarotdf.com.ar\/index.php?rest_route=\/wp\/v2\/posts\/60957\/revisions\/60959"}],"wp:featuredmedia":[{"embeddable":true,"href":"https:\/\/hablemosclarotdf.com.ar\/index.php?rest_route=\/wp\/v2\/media\/60958"}],"wp:attachment":[{"href":"https:\/\/hablemosclarotdf.com.ar\/index.php?rest_route=%2Fwp%2Fv2%2Fmedia&parent=60957"}],"wp:term":[{"taxonomy":"category","embeddable":true,"href":"https:\/\/hablemosclarotdf.com.ar\/index.php?rest_route=%2Fwp%2Fv2%2Fcategories&post=60957"},{"taxonomy":"post_tag","embeddable":true,"href":"https:\/\/hablemosclarotdf.com.ar\/index.php?rest_route=%2Fwp%2Fv2%2Ftags&post=60957"}],"curies":[{"name":"wp","href":"https:\/\/api.w.org\/{rel}","templated":true}]}}