{"id":60925,"date":"2025-12-05T18:07:41","date_gmt":"2025-12-05T21:07:41","guid":{"rendered":"https:\/\/hablemosclarotdf.com.ar\/?p=60925"},"modified":"2025-12-05T18:07:41","modified_gmt":"2025-12-05T21:07:41","slug":"ushuaia-la-municipalidad-llevara-adelante-una-charla-informativa-por-el-carnaval-del-fin-del-mundo-2026","status":"publish","type":"post","link":"https:\/\/hablemosclarotdf.com.ar\/?p=60925","title":{"rendered":"USHUAIA : LA MUNICIPALIDAD  LLEVAR\u00c1 ADELANTE UNA CHARLA INFORMATIVA POR EL \u201cCARNAVAL DEL FIN DEL MUNDO 2026\u201d"},"content":{"rendered":"<p>La propuesta est\u00e1 destinada a expresiones de carnaval que deseen participar del gran festejo popular<\/p>\n<p>La Secretar\u00eda de Cultura y Educaci\u00f3n de la Municipalidad de Ushuaia llevar\u00e1 adelante este jueves 11 de diciembre a las 18:00 horas en el Foyer Ego Pereda de la Casa de la Cultura Enriqueta Gastelumendi una charla informativa por el \u201cCarnaval del Fin del Mundo 2026\u201d.<br \/>\nDicha propuesta, que est\u00e1 destinada a las expresiones de carnaval que deseen participar del gran festejo popular, comienza a preparar el cronograma de actividades de cara a la fiesta m\u00e1s popular, multitudinaria y colorida del a\u00f1o.<br \/>\nBel\u00e9n Molina, secretaria de Cultura y Educaci\u00f3n, destac\u00f3 que \u201csiguiendo la l\u00ednea que nos propone el intendente Walter Vuoto, comenzamos esta instancia de trabajo junto a las distintas expresiones de carnaval de la provincia de cara al festejo popular, buscando seguir fortaleciendo esta celebraci\u00f3n que se ha vuelto una fecha fundamental en el calendario cultural de nuestra ciudad\u201d.<br \/>\nPara conocer m\u00e1s sobre la charla informativa por el \u201cCarnaval del Fin del Mundo 2026\u201d, as\u00ed como las distintas iniciativas vinculadas al festejo popular, las y los interesados podr\u00e1n visitar las redes sociales de la Secretar\u00eda de Cultura y Educaci\u00f3n en @culturayeducacionush.<\/p>\n","protected":false},"excerpt":{"rendered":"<p>La propuesta est\u00e1 destinada a expresiones de carnaval que deseen participar del gran festejo popular&#8230;<\/p>\n","protected":false},"author":1,"featured_media":60926,"comment_status":"closed","ping_status":"closed","sticky":false,"template":"","format":"standard","meta":{"footnotes":""},"categories":[3],"tags":[],"class_list":["post-60925","post","type-post","status-publish","format-standard","has-post-thumbnail","hentry","category-noticias"],"jetpack_featured_media_url":"https:\/\/hablemosclarotdf.com.ar\/wp-content\/uploads\/2025\/12\/photo_2025-12-05_18-06-30.jpg","_links":{"self":[{"href":"https:\/\/hablemosclarotdf.com.ar\/index.php?rest_route=\/wp\/v2\/posts\/60925","targetHints":{"allow":["GET"]}}],"collection":[{"href":"https:\/\/hablemosclarotdf.com.ar\/index.php?rest_route=\/wp\/v2\/posts"}],"about":[{"href":"https:\/\/hablemosclarotdf.com.ar\/index.php?rest_route=\/wp\/v2\/types\/post"}],"author":[{"embeddable":true,"href":"https:\/\/hablemosclarotdf.com.ar\/index.php?rest_route=\/wp\/v2\/users\/1"}],"replies":[{"embeddable":true,"href":"https:\/\/hablemosclarotdf.com.ar\/index.php?rest_route=%2Fwp%2Fv2%2Fcomments&post=60925"}],"version-history":[{"count":1,"href":"https:\/\/hablemosclarotdf.com.ar\/index.php?rest_route=\/wp\/v2\/posts\/60925\/revisions"}],"predecessor-version":[{"id":60927,"href":"https:\/\/hablemosclarotdf.com.ar\/index.php?rest_route=\/wp\/v2\/posts\/60925\/revisions\/60927"}],"wp:featuredmedia":[{"embeddable":true,"href":"https:\/\/hablemosclarotdf.com.ar\/index.php?rest_route=\/wp\/v2\/media\/60926"}],"wp:attachment":[{"href":"https:\/\/hablemosclarotdf.com.ar\/index.php?rest_route=%2Fwp%2Fv2%2Fmedia&parent=60925"}],"wp:term":[{"taxonomy":"category","embeddable":true,"href":"https:\/\/hablemosclarotdf.com.ar\/index.php?rest_route=%2Fwp%2Fv2%2Fcategories&post=60925"},{"taxonomy":"post_tag","embeddable":true,"href":"https:\/\/hablemosclarotdf.com.ar\/index.php?rest_route=%2Fwp%2Fv2%2Ftags&post=60925"}],"curies":[{"name":"wp","href":"https:\/\/api.w.org\/{rel}","templated":true}]}}