{"id":60915,"date":"2025-12-05T17:11:33","date_gmt":"2025-12-05T20:11:33","guid":{"rendered":"https:\/\/hablemosclarotdf.com.ar\/?p=60915"},"modified":"2025-12-05T17:11:33","modified_gmt":"2025-12-05T20:11:33","slug":"la-provincia-reconocio-al-equipo-sub-16-de-hockey-pista-flamante-campeon-argentino","status":"publish","type":"post","link":"https:\/\/hablemosclarotdf.com.ar\/?p=60915","title":{"rendered":"LA PROVINCIA RECONOCI\u00d3 AL EQUIPO SUB-16 DE HOCKEY PISTA, FLAMANTE CAMPE\u00d3N ARGENTINO"},"content":{"rendered":"<p>La Secretar\u00eda de Deportes de la Provincia realiz\u00f3 este jueves, en la ciudad de R\u00edo Grande, una recepci\u00f3n oficial en reconocimiento al seleccionado masculino Sub-16 de hockey pista, que obtuvo el t\u00edtulo nacional en el Campeonato Argentino de Menores disputado en San Carlos de Bariloche entre el 20 y el 23 de noviembre.<\/p>\n<p>El certamen, que reuni\u00f3 a representantes de distintas provincias en las categor\u00edas Sub-14 y Sub-16, cont\u00f3 con una participaci\u00f3n destacada de todas las delegaciones de Tierra del Fuego. En este marco, el equipo masculino Sub-16 logr\u00f3 la consagraci\u00f3n, reflejando el crecimiento sostenido y el alto nivel competitivo que esta disciplina ha alcanzado en la provincia.<\/p>\n<p>Durante el emotivo encuentro, el secretario de Deportes, Mat\u00edas Run\u00edn, junto al subsecretario de Desarrollo Deportivo, Marcos Cayata, felicitaron personalmente a los j\u00f3venes campeones y al cuerpo t\u00e9cnico por el logro obtenido. Las autoridades resaltaron el esfuerzo, la disciplina y el compromiso de los deportistas, y reconocieron el rol fundamental de las familias y los clubes en su formaci\u00f3n.<\/p>\n<p>\u201cEste triunfo refleja el trabajo articulado que se viene realizando para fortalecer el deporte fueguino y promover una participaci\u00f3n cada vez mayor de nuestros j\u00f3venes en competencias nacionales\u201d, afirm\u00f3 Run\u00edn durante la recepci\u00f3n.<\/p>\n<p>Por su parte, Cayata expres\u00f3: \u201cLos alentamos a seguir por este camino, form\u00e1ndose y representando a la provincia con los valores del deporte y el compromiso que los caracteriza. Son un ejemplo para todos\u201d.<\/p>\n<p>La Secretar\u00eda de Deportes reafirma su compromiso de continuar impulsando pol\u00edticas de acompa\u00f1amiento a los seleccionados provinciales y de fortalecimiento del hockey pista, una disciplina que ha demostrado un notable desarrollo y una creciente proyecci\u00f3n en el \u00e1mbito nacional.<\/p>\n<p><img loading=\"lazy\" decoding=\"async\" class=\"alignnone size-medium wp-image-60917\" src=\"https:\/\/hablemosclarotdf.com.ar\/wp-content\/uploads\/2025\/12\/photo_2025-12-05_17-08-31-300x200.jpg\" alt=\"\" width=\"300\" height=\"200\" srcset=\"https:\/\/hablemosclarotdf.com.ar\/wp-content\/uploads\/2025\/12\/photo_2025-12-05_17-08-31-300x200.jpg 300w, https:\/\/hablemosclarotdf.com.ar\/wp-content\/uploads\/2025\/12\/photo_2025-12-05_17-08-31-1024x682.jpg 1024w, https:\/\/hablemosclarotdf.com.ar\/wp-content\/uploads\/2025\/12\/photo_2025-12-05_17-08-31-768x512.jpg 768w, https:\/\/hablemosclarotdf.com.ar\/wp-content\/uploads\/2025\/12\/photo_2025-12-05_17-08-31.jpg 1280w\" sizes=\"auto, (max-width: 300px) 100vw, 300px\" \/> <img loading=\"lazy\" decoding=\"async\" class=\"alignnone size-medium wp-image-60918\" src=\"https:\/\/hablemosclarotdf.com.ar\/wp-content\/uploads\/2025\/12\/photo_2025-12-05_17-08-38-300x200.jpg\" alt=\"\" width=\"300\" height=\"200\" srcset=\"https:\/\/hablemosclarotdf.com.ar\/wp-content\/uploads\/2025\/12\/photo_2025-12-05_17-08-38-300x200.jpg 300w, https:\/\/hablemosclarotdf.com.ar\/wp-content\/uploads\/2025\/12\/photo_2025-12-05_17-08-38-1024x682.jpg 1024w, https:\/\/hablemosclarotdf.com.ar\/wp-content\/uploads\/2025\/12\/photo_2025-12-05_17-08-38-768x512.jpg 768w, https:\/\/hablemosclarotdf.com.ar\/wp-content\/uploads\/2025\/12\/photo_2025-12-05_17-08-38.jpg 1280w\" sizes=\"auto, (max-width: 300px) 100vw, 300px\" \/> <img loading=\"lazy\" decoding=\"async\" class=\"alignnone size-medium wp-image-60919\" src=\"https:\/\/hablemosclarotdf.com.ar\/wp-content\/uploads\/2025\/12\/photo_2025-12-05_17-08-47-300x200.jpg\" alt=\"\" width=\"300\" height=\"200\" srcset=\"https:\/\/hablemosclarotdf.com.ar\/wp-content\/uploads\/2025\/12\/photo_2025-12-05_17-08-47-300x200.jpg 300w, https:\/\/hablemosclarotdf.com.ar\/wp-content\/uploads\/2025\/12\/photo_2025-12-05_17-08-47-1024x682.jpg 1024w, https:\/\/hablemosclarotdf.com.ar\/wp-content\/uploads\/2025\/12\/photo_2025-12-05_17-08-47-768x511.jpg 768w, https:\/\/hablemosclarotdf.com.ar\/wp-content\/uploads\/2025\/12\/photo_2025-12-05_17-08-47.jpg 1280w\" sizes=\"auto, (max-width: 300px) 100vw, 300px\" \/> <img loading=\"lazy\" decoding=\"async\" class=\"alignnone size-medium wp-image-60920\" src=\"https:\/\/hablemosclarotdf.com.ar\/wp-content\/uploads\/2025\/12\/photo_2025-12-05_17-08-53-300x200.jpg\" alt=\"\" width=\"300\" height=\"200\" srcset=\"https:\/\/hablemosclarotdf.com.ar\/wp-content\/uploads\/2025\/12\/photo_2025-12-05_17-08-53-300x200.jpg 300w, https:\/\/hablemosclarotdf.com.ar\/wp-content\/uploads\/2025\/12\/photo_2025-12-05_17-08-53-1024x682.jpg 1024w, https:\/\/hablemosclarotdf.com.ar\/wp-content\/uploads\/2025\/12\/photo_2025-12-05_17-08-53-768x512.jpg 768w, https:\/\/hablemosclarotdf.com.ar\/wp-content\/uploads\/2025\/12\/photo_2025-12-05_17-08-53.jpg 1280w\" sizes=\"auto, (max-width: 300px) 100vw, 300px\" \/><\/p>\n","protected":false},"excerpt":{"rendered":"<p>La Secretar\u00eda de Deportes de la Provincia realiz\u00f3 este jueves, en la ciudad de R\u00edo&#8230;<\/p>\n","protected":false},"author":1,"featured_media":60916,"comment_status":"closed","ping_status":"closed","sticky":false,"template":"","format":"standard","meta":{"footnotes":""},"categories":[3],"tags":[],"class_list":["post-60915","post","type-post","status-publish","format-standard","has-post-thumbnail","hentry","category-noticias"],"jetpack_featured_media_url":"https:\/\/hablemosclarotdf.com.ar\/wp-content\/uploads\/2025\/12\/photo_2025-12-05_17-08-26.jpg","_links":{"self":[{"href":"https:\/\/hablemosclarotdf.com.ar\/index.php?rest_route=\/wp\/v2\/posts\/60915","targetHints":{"allow":["GET"]}}],"collection":[{"href":"https:\/\/hablemosclarotdf.com.ar\/index.php?rest_route=\/wp\/v2\/posts"}],"about":[{"href":"https:\/\/hablemosclarotdf.com.ar\/index.php?rest_route=\/wp\/v2\/types\/post"}],"author":[{"embeddable":true,"href":"https:\/\/hablemosclarotdf.com.ar\/index.php?rest_route=\/wp\/v2\/users\/1"}],"replies":[{"embeddable":true,"href":"https:\/\/hablemosclarotdf.com.ar\/index.php?rest_route=%2Fwp%2Fv2%2Fcomments&post=60915"}],"version-history":[{"count":1,"href":"https:\/\/hablemosclarotdf.com.ar\/index.php?rest_route=\/wp\/v2\/posts\/60915\/revisions"}],"predecessor-version":[{"id":60921,"href":"https:\/\/hablemosclarotdf.com.ar\/index.php?rest_route=\/wp\/v2\/posts\/60915\/revisions\/60921"}],"wp:featuredmedia":[{"embeddable":true,"href":"https:\/\/hablemosclarotdf.com.ar\/index.php?rest_route=\/wp\/v2\/media\/60916"}],"wp:attachment":[{"href":"https:\/\/hablemosclarotdf.com.ar\/index.php?rest_route=%2Fwp%2Fv2%2Fmedia&parent=60915"}],"wp:term":[{"taxonomy":"category","embeddable":true,"href":"https:\/\/hablemosclarotdf.com.ar\/index.php?rest_route=%2Fwp%2Fv2%2Fcategories&post=60915"},{"taxonomy":"post_tag","embeddable":true,"href":"https:\/\/hablemosclarotdf.com.ar\/index.php?rest_route=%2Fwp%2Fv2%2Ftags&post=60915"}],"curies":[{"name":"wp","href":"https:\/\/api.w.org\/{rel}","templated":true}]}}