{"id":60912,"date":"2025-12-05T17:06:55","date_gmt":"2025-12-05T20:06:55","guid":{"rendered":"https:\/\/hablemosclarotdf.com.ar\/?p=60912"},"modified":"2025-12-05T17:06:55","modified_gmt":"2025-12-05T20:06:55","slug":"rio-grande-se-informan-los-cortes-y-desvios-por-el-encendido-del-arbolito","status":"publish","type":"post","link":"https:\/\/hablemosclarotdf.com.ar\/?p=60912","title":{"rendered":"RIO GRANDE : SE INFORMAN LOS CORTES Y DESV\u00cdOS POR EL ENCENDIDO DEL ARBOLITO"},"content":{"rendered":"<p>El Municipio de R\u00edo Grande informa a las vecinas y vecinos que este domingo 7 de diciembre se llevar\u00e1n adelante diferentes cortes y desv\u00edos en el tr\u00e1nsito por la celebraci\u00f3n del tradicional Encendido del \u00c1rbol de Navidad.<\/p>\n<p>A partir de las 9 horas de este domingo, se interrumpir\u00e1 el tr\u00e1nsito en la intersecci\u00f3n de las calles Thorne y Elcano, sobre Santa Fe en el acceso a Viedma rumbo al Parque de los 100 A\u00f1os y en la Rotonda del avi\u00f3n en el acceso a H\u00e9roes de Malvinas. Quedar\u00e1 habilitada la circulaci\u00f3n por Ruta Nacional N.\u00b0 3 y Av. Santa Fe con sentido a la Rotonda de Plaza de las Am\u00e9ricas.<\/p>\n<p>A partir de las 12 horas, se cortar\u00e1 el tr\u00e1nsito sobre calles 12 de Octubre y 20 de Junio en su intersecci\u00f3n con Entre R\u00edos. Mientras que a las 17 horas se sumar\u00e1 el corte de tr\u00e1nsito sobre Ruta Nacional N.\u00b0 3, incluido todos sus accesos, desde su intersecci\u00f3n con Santa Cruz hasta Santa Fe y Viedma.<\/p>\n<p>Se solicita a los conductores transitar con precauci\u00f3n por las y los riograndenses que se acercar\u00e1n a pie. Tambi\u00e9n se recuerda que habr\u00e1 agentes y servidores p\u00fablicos en las inmediaciones del evento para garantizar mayor seguridad y el normal desenvolvimiento de la jornada.<\/p>\n","protected":false},"excerpt":{"rendered":"<p>El Municipio de R\u00edo Grande informa a las vecinas y vecinos que este domingo 7&#8230;<\/p>\n","protected":false},"author":1,"featured_media":60913,"comment_status":"closed","ping_status":"closed","sticky":false,"template":"","format":"standard","meta":{"footnotes":""},"categories":[3],"tags":[],"class_list":["post-60912","post","type-post","status-publish","format-standard","has-post-thumbnail","hentry","category-noticias"],"jetpack_featured_media_url":"https:\/\/hablemosclarotdf.com.ar\/wp-content\/uploads\/2025\/12\/photo_2025-12-05_17-06-19.jpg","_links":{"self":[{"href":"https:\/\/hablemosclarotdf.com.ar\/index.php?rest_route=\/wp\/v2\/posts\/60912","targetHints":{"allow":["GET"]}}],"collection":[{"href":"https:\/\/hablemosclarotdf.com.ar\/index.php?rest_route=\/wp\/v2\/posts"}],"about":[{"href":"https:\/\/hablemosclarotdf.com.ar\/index.php?rest_route=\/wp\/v2\/types\/post"}],"author":[{"embeddable":true,"href":"https:\/\/hablemosclarotdf.com.ar\/index.php?rest_route=\/wp\/v2\/users\/1"}],"replies":[{"embeddable":true,"href":"https:\/\/hablemosclarotdf.com.ar\/index.php?rest_route=%2Fwp%2Fv2%2Fcomments&post=60912"}],"version-history":[{"count":1,"href":"https:\/\/hablemosclarotdf.com.ar\/index.php?rest_route=\/wp\/v2\/posts\/60912\/revisions"}],"predecessor-version":[{"id":60914,"href":"https:\/\/hablemosclarotdf.com.ar\/index.php?rest_route=\/wp\/v2\/posts\/60912\/revisions\/60914"}],"wp:featuredmedia":[{"embeddable":true,"href":"https:\/\/hablemosclarotdf.com.ar\/index.php?rest_route=\/wp\/v2\/media\/60913"}],"wp:attachment":[{"href":"https:\/\/hablemosclarotdf.com.ar\/index.php?rest_route=%2Fwp%2Fv2%2Fmedia&parent=60912"}],"wp:term":[{"taxonomy":"category","embeddable":true,"href":"https:\/\/hablemosclarotdf.com.ar\/index.php?rest_route=%2Fwp%2Fv2%2Fcategories&post=60912"},{"taxonomy":"post_tag","embeddable":true,"href":"https:\/\/hablemosclarotdf.com.ar\/index.php?rest_route=%2Fwp%2Fv2%2Ftags&post=60912"}],"curies":[{"name":"wp","href":"https:\/\/api.w.org\/{rel}","templated":true}]}}