{"id":60906,"date":"2025-12-05T17:04:35","date_gmt":"2025-12-05T20:04:35","guid":{"rendered":"https:\/\/hablemosclarotdf.com.ar\/?p=60906"},"modified":"2025-12-05T17:04:35","modified_gmt":"2025-12-05T20:04:35","slug":"rio-grande-todo-listo-para-la-llegada-de-una-fiesta-del-encendido-del-arbol","status":"publish","type":"post","link":"https:\/\/hablemosclarotdf.com.ar\/?p=60906","title":{"rendered":"RIO GRANDE : TODO LISTO PARA LA LLEGADA DE UNA FIESTA DEL ENCENDIDO DEL \u00c1RBOL"},"content":{"rendered":"<p>El Parque de los 100 A\u00f1os ser\u00e1 nuevamente el punto de encuentro para vivir una jornada de m\u00fasica, diversi\u00f3n y color. Por ello, la Secretar\u00eda de Obras y Servicios P\u00fablicos del Municipio de R\u00edo Grande intensifica los trabajos de reacondicionamiento, que incluyen pintura, limpieza, parquizado y puesta en valor, con el fin de mejorar el entorno y celebrar una verdadera fiesta en comunidad.<\/p>\n<p>El Municipio de R\u00edo Grande llevar\u00e1 adelante este 7 de diciembre el tradicional Encendido del \u00c1rbol, una de las celebraciones m\u00e1s convocantes de la ciudad, la cual se ha transformado en un espacio de encuentro para toda la comunidad. Como cada a\u00f1o, miles de riograndenses y visitantes se reunir\u00e1n en el Parque de los 100 A\u00f1os para disfrutar de una jornada con m\u00fasica, deporte, juegos y propuestas pensadas para todas las edades.<\/p>\n<p>En este marco, se llevan adelante tareas de pintura, limpieza, parquizado y reacondicionamiento general en el Parque de los 100 A\u00f1os. Los juegos del predio est\u00e1n siendo reparados y se coloc\u00f3 nuevo piso de caucho, adem\u00e1s de realizarse mantenimiento en veredas y tareas de pintura en diferentes sectores, para que las infancias puedan jugar libres y seguras.<\/p>\n<p>Es de mencionar que recientemente se inaugur\u00f3 un nuevo juego inspirado en el hist\u00f3rico Barquito Azul, poniendo en valor elementos que forman parte de nuestra historia y fortalecer la identidad de los espacios p\u00fablicos de la ciudad.<\/p>\n<p>A\u00f1o tras a\u00f1o, el Parque de los 100 A\u00f1os se consolida como el punto de encuentro elegido por los vecinos y vecinas para celebrar y compartir en comunidad una nueva edici\u00f3n de la Fiesta Municipal del Encendido del \u00c1rbol.<\/p>\n<p><img loading=\"lazy\" decoding=\"async\" class=\"alignnone size-medium wp-image-60908\" src=\"https:\/\/hablemosclarotdf.com.ar\/wp-content\/uploads\/2025\/12\/photo_2025-12-05_17-02-06-300x200.jpg\" alt=\"\" width=\"300\" height=\"200\" srcset=\"https:\/\/hablemosclarotdf.com.ar\/wp-content\/uploads\/2025\/12\/photo_2025-12-05_17-02-06-300x200.jpg 300w, https:\/\/hablemosclarotdf.com.ar\/wp-content\/uploads\/2025\/12\/photo_2025-12-05_17-02-06-1024x682.jpg 1024w, https:\/\/hablemosclarotdf.com.ar\/wp-content\/uploads\/2025\/12\/photo_2025-12-05_17-02-06-768x511.jpg 768w, https:\/\/hablemosclarotdf.com.ar\/wp-content\/uploads\/2025\/12\/photo_2025-12-05_17-02-06.jpg 1280w\" sizes=\"auto, (max-width: 300px) 100vw, 300px\" \/> <img loading=\"lazy\" decoding=\"async\" class=\"alignnone size-medium wp-image-60909\" src=\"https:\/\/hablemosclarotdf.com.ar\/wp-content\/uploads\/2025\/12\/photo_2025-12-05_17-02-49-300x200.jpg\" alt=\"\" width=\"300\" height=\"200\" srcset=\"https:\/\/hablemosclarotdf.com.ar\/wp-content\/uploads\/2025\/12\/photo_2025-12-05_17-02-49-300x200.jpg 300w, https:\/\/hablemosclarotdf.com.ar\/wp-content\/uploads\/2025\/12\/photo_2025-12-05_17-02-49-768x512.jpg 768w, https:\/\/hablemosclarotdf.com.ar\/wp-content\/uploads\/2025\/12\/photo_2025-12-05_17-02-49.jpg 1000w\" sizes=\"auto, (max-width: 300px) 100vw, 300px\" \/> <img loading=\"lazy\" decoding=\"async\" class=\"alignnone size-medium wp-image-60910\" src=\"https:\/\/hablemosclarotdf.com.ar\/wp-content\/uploads\/2025\/12\/photo_2025-12-05_17-02-58-300x200.jpg\" alt=\"\" width=\"300\" height=\"200\" srcset=\"https:\/\/hablemosclarotdf.com.ar\/wp-content\/uploads\/2025\/12\/photo_2025-12-05_17-02-58-300x200.jpg 300w, https:\/\/hablemosclarotdf.com.ar\/wp-content\/uploads\/2025\/12\/photo_2025-12-05_17-02-58-768x512.jpg 768w, https:\/\/hablemosclarotdf.com.ar\/wp-content\/uploads\/2025\/12\/photo_2025-12-05_17-02-58.jpg 1000w\" sizes=\"auto, (max-width: 300px) 100vw, 300px\" \/><\/p>\n","protected":false},"excerpt":{"rendered":"<p>El Parque de los 100 A\u00f1os ser\u00e1 nuevamente el punto de encuentro para vivir una&#8230;<\/p>\n","protected":false},"author":1,"featured_media":60907,"comment_status":"closed","ping_status":"closed","sticky":false,"template":"","format":"standard","meta":{"footnotes":""},"categories":[3],"tags":[],"class_list":["post-60906","post","type-post","status-publish","format-standard","has-post-thumbnail","hentry","category-noticias"],"jetpack_featured_media_url":"https:\/\/hablemosclarotdf.com.ar\/wp-content\/uploads\/2025\/12\/photo_2025-12-05_17-02-01.jpg","_links":{"self":[{"href":"https:\/\/hablemosclarotdf.com.ar\/index.php?rest_route=\/wp\/v2\/posts\/60906","targetHints":{"allow":["GET"]}}],"collection":[{"href":"https:\/\/hablemosclarotdf.com.ar\/index.php?rest_route=\/wp\/v2\/posts"}],"about":[{"href":"https:\/\/hablemosclarotdf.com.ar\/index.php?rest_route=\/wp\/v2\/types\/post"}],"author":[{"embeddable":true,"href":"https:\/\/hablemosclarotdf.com.ar\/index.php?rest_route=\/wp\/v2\/users\/1"}],"replies":[{"embeddable":true,"href":"https:\/\/hablemosclarotdf.com.ar\/index.php?rest_route=%2Fwp%2Fv2%2Fcomments&post=60906"}],"version-history":[{"count":1,"href":"https:\/\/hablemosclarotdf.com.ar\/index.php?rest_route=\/wp\/v2\/posts\/60906\/revisions"}],"predecessor-version":[{"id":60911,"href":"https:\/\/hablemosclarotdf.com.ar\/index.php?rest_route=\/wp\/v2\/posts\/60906\/revisions\/60911"}],"wp:featuredmedia":[{"embeddable":true,"href":"https:\/\/hablemosclarotdf.com.ar\/index.php?rest_route=\/wp\/v2\/media\/60907"}],"wp:attachment":[{"href":"https:\/\/hablemosclarotdf.com.ar\/index.php?rest_route=%2Fwp%2Fv2%2Fmedia&parent=60906"}],"wp:term":[{"taxonomy":"category","embeddable":true,"href":"https:\/\/hablemosclarotdf.com.ar\/index.php?rest_route=%2Fwp%2Fv2%2Fcategories&post=60906"},{"taxonomy":"post_tag","embeddable":true,"href":"https:\/\/hablemosclarotdf.com.ar\/index.php?rest_route=%2Fwp%2Fv2%2Ftags&post=60906"}],"curies":[{"name":"wp","href":"https:\/\/api.w.org\/{rel}","templated":true}]}}