{"id":60890,"date":"2025-12-05T14:44:19","date_gmt":"2025-12-05T17:44:19","guid":{"rendered":"https:\/\/hablemosclarotdf.com.ar\/?p=60890"},"modified":"2025-12-05T14:44:19","modified_gmt":"2025-12-05T17:44:19","slug":"agenda-de-actividades-del-fin-de-semana-17","status":"publish","type":"post","link":"https:\/\/hablemosclarotdf.com.ar\/?p=60890","title":{"rendered":"AGENDA DE ACTIVIDADES DEL FIN DE SEMANA"},"content":{"rendered":"<p>\ud83d\udcc5 \ud835\udde9\ud835\udddc\ud835\uddd8\ud835\udde5\ud835\udde1\ud835\uddd8\ud835\udde6 \ud835\udff1 \ud835\uddd7\ud835\uddd8 \ud835\uddd7\ud835\udddc\ud835\uddd6\ud835\udddc\ud835\uddd8\ud835\udde0\ud835\uddd5\ud835\udde5\ud835\uddd8<\/p>\n<p>\ud83d\udccdR\u00cdO GRANDE<br \/>\n\u2022\ud83e\udd31 Charla de preparto y parto<br \/>\n14:30 h | Sum del Hospital Regional R\u00edo Grande<br \/>\n\u2022\ud83e\ude7aTaller para Personas Mayores con patolog\u00edas cr\u00f3nicas<br \/>\n15 a 17 h | Sum Patagonia (Calle Patagonia 498)<\/p>\n<p>\ud83d\udccdUSHUAIA<br \/>\n\u2022\ud83d\udca1 Transformaci\u00f3n digital e innovaci\u00f3n tecnol\u00f3gica<br \/>\n9 a 16 h | Polo Creativo Sur (Gobernador Paz 836)<br \/>\n\u2022\ud83c\udf31 Huerta en tu CAPS<br \/>\n14 a 16 h | CAPS 5 (Independencia 1089)<br \/>\n\u2022\u270d\ufe0f Taller de escritura: Destinado a adolescentes y j\u00f3venes<br \/>\n14 a 16 h | CAPS 1 (Facundo Quiroga 2633)<br \/>\n\u2022\u267f\ufe0f 4\u00b0 Edici\u00f3n &#8220;Expo Inclusiva&#8221;<br \/>\n15 a 19 h | Gimnasio Escuela N\u00b0 3<br \/>\n\u2022\ud83e\udde9 Juegoteca Isla de Juegos<br \/>\n15 h | CAPS 3 (Gobernador Valdez 894)<br \/>\nInscripci\u00f3n: 2901-618481<br \/>\n* \ud83e\udec2 Grupo de reflexi\u00f3n para familiares y redes<br \/>\n18 h | CAPS Ushuaia (Rubinos 153)<br \/>\n\u2022\ud83c\udfa8\u00a1Cierre anual del Centro Popular de Cultura! \ud83c\udfb6<br \/>\nArtes Esc\u00e9nicas y M\u00fasica<br \/>\n18 a 22 h | Centro Cultural Esther Fadul<\/p>\n<p>\ud83d\udcc5 \ud835\udde6\ud835\uddd4\ud835\uddd5\ud835\uddd4\ud835\uddd7\ud835\udde2 \ud835\udff2 \ud835\uddd7\ud835\uddd8 \ud835\uddd7\ud835\udddc\ud835\uddd6\ud835\udddc\ud835\uddd8\ud835\udde0\ud835\uddd5\ud835\udde5\ud835\uddd8<\/p>\n<p>\ud83d\udccdR\u00cdO GRANDE<br \/>\n\u2022\ud83d\udecd \u00a1Tu Mercado! \ud83d\uded2: Canasta b\u00e1sica y Emprendedores<br \/>\n11 a 20 h | Colegio Provincial Comandante Luis Piedrabuena (Col\u00f3n 751)<br \/>\n\u2022\ud83e\udd38\u200d\u2640\ufe0f Cierre de actividades deportivas: Gimnasia R\u00edtmica<br \/>\n15 a 17 h | Casa del Deporte<\/p>\n<p>\ud83d\udccd TOLHUIN<br \/>\n\u2022\ud83d\udecd \u00a1Tu Mercado! \ud83d\uded2: Canasta b\u00e1sica y Emprendedores<br \/>\n14 a 20 h | Colegio Trejo Noel (Santiago Rupatini 379)<br \/>\n\u2022\ud83c\udfa8 Muestra Anual de S\u00e1bados Art\u00edsticos<br \/>\n15 a 17 h | Jard\u00edn N\u00b0 23<\/p>\n<p>\ud83d\udccdUSHUAIA<br \/>\n\u2022\ud83d\udecd \u00a1Tu Mercado! \ud83d\uded2: Canasta b\u00e1sica y Emprendedores<br \/>\n12 a 19 h | Escuela Provincial N.\u00ba 13 (Gobernador Paz 1811)<br \/>\n\u2022\ud83c\udf84 Taller navide\u00f1o para las juventudes: Cosm\u00e9tica Natural<br \/>\n16 a 19 h | Oficina de Juventudes (Luis Vernet al 2000)<br \/>\nInscripciones: https:\/\/tr.ee\/vdGLJKxWAz<\/p>\n<p>\ud83d\udcc5 \ud835\uddd7\ud835\udde2\ud835\udde0\ud835\udddc\ud835\udde1\ud835\uddda\ud835\udde2 \ud835\udff3 \ud835\uddd7\ud835\uddd8 \ud835\uddd7\ud835\udddc\ud835\uddd6\ud835\udddc\ud835\uddd8\ud835\udde0\ud835\uddd5\ud835\udde5\ud835\uddd8<\/p>\n<p>\ud83d\udccdR\u00cdO GRANDE<br \/>\n\u2022\ud83d\udecd \u00a1Tu Mercado! \ud83c\udf85\ud83c\udffc : Emprendedores<br \/>\n14 a 20 h | Colegio Provincial Comandante Luis Piedrabuena (Col\u00f3n 751)<\/p>\n<p>\ud83d\udccdTOLHUIN<br \/>\n\u2022\ud83d\udecd \u00a1Tu Mercado! \ud83c\udf85\ud83c\udffc : Emprendedores<br \/>\n14 a 19 h | Colegio Trejo Noel (Santiago Rupatini 379)<\/p>\n<p>\ud83d\udccdUSHUAIA<br \/>\n\u2022\ud83d\udecd \u00a1Tu Mercado!\ud83c\udf85\ud83c\udffc: Emprendedores<br \/>\n14 a 19 h | Escuela Provincial N.\u00ba 13 (Gobernador Paz 1811)<br \/>\n\u2022\ud83d\udecd\ud83c\udfa8 Flotante: Feria Creativa de la Isla<br \/>\n16 a 21 h | Escuela N\u00b0 1 (Maip\u00fa 697)<\/p>\n<p>\ud83d\udcc5 \ud835\udddf\ud835\udde8\ud835\udde1\ud835\uddd8\ud835\udde6 \ud835\udff4 \ud835\uddd7\ud835\uddd8 \ud835\uddd7\ud835\udddc\ud835\uddd6\ud835\udddc\ud835\uddd8\ud835\udde0\ud835\uddd5\ud835\udde5\ud835\uddd8:<br \/>\n\ud83d\udccdUSHUAIA<br \/>\n\u2022\ud83d\udecd\ud83c\udfa8 Flotante: Feria Creativa de la Isla<br \/>\n16 a 21 h | Escuela N\u00b0 1 (Maip\u00fa 697)<\/p>\n","protected":false},"excerpt":{"rendered":"<p>\ud83d\udcc5 \ud835\udde9\ud835\udddc\ud835\uddd8\ud835\udde5\ud835\udde1\ud835\uddd8\ud835\udde6 \ud835\udff1 \ud835\uddd7\ud835\uddd8 \ud835\uddd7\ud835\udddc\ud835\uddd6\ud835\udddc\ud835\uddd8\ud835\udde0\ud835\uddd5\ud835\udde5\ud835\uddd8 \ud83d\udccdR\u00cdO GRANDE \u2022\ud83e\udd31 Charla de preparto y parto 14:30 h&#8230;<\/p>\n","protected":false},"author":1,"featured_media":60877,"comment_status":"closed","ping_status":"closed","sticky":false,"template":"","format":"standard","meta":{"footnotes":""},"categories":[3],"tags":[],"class_list":["post-60890","post","type-post","status-publish","format-standard","has-post-thumbnail","hentry","category-noticias"],"jetpack_featured_media_url":"https:\/\/hablemosclarotdf.com.ar\/wp-content\/uploads\/2025\/12\/photo_2025-12-05_13-42-33.jpg","_links":{"self":[{"href":"https:\/\/hablemosclarotdf.com.ar\/index.php?rest_route=\/wp\/v2\/posts\/60890","targetHints":{"allow":["GET"]}}],"collection":[{"href":"https:\/\/hablemosclarotdf.com.ar\/index.php?rest_route=\/wp\/v2\/posts"}],"about":[{"href":"https:\/\/hablemosclarotdf.com.ar\/index.php?rest_route=\/wp\/v2\/types\/post"}],"author":[{"embeddable":true,"href":"https:\/\/hablemosclarotdf.com.ar\/index.php?rest_route=\/wp\/v2\/users\/1"}],"replies":[{"embeddable":true,"href":"https:\/\/hablemosclarotdf.com.ar\/index.php?rest_route=%2Fwp%2Fv2%2Fcomments&post=60890"}],"version-history":[{"count":1,"href":"https:\/\/hablemosclarotdf.com.ar\/index.php?rest_route=\/wp\/v2\/posts\/60890\/revisions"}],"predecessor-version":[{"id":60891,"href":"https:\/\/hablemosclarotdf.com.ar\/index.php?rest_route=\/wp\/v2\/posts\/60890\/revisions\/60891"}],"wp:featuredmedia":[{"embeddable":true,"href":"https:\/\/hablemosclarotdf.com.ar\/index.php?rest_route=\/wp\/v2\/media\/60877"}],"wp:attachment":[{"href":"https:\/\/hablemosclarotdf.com.ar\/index.php?rest_route=%2Fwp%2Fv2%2Fmedia&parent=60890"}],"wp:term":[{"taxonomy":"category","embeddable":true,"href":"https:\/\/hablemosclarotdf.com.ar\/index.php?rest_route=%2Fwp%2Fv2%2Fcategories&post=60890"},{"taxonomy":"post_tag","embeddable":true,"href":"https:\/\/hablemosclarotdf.com.ar\/index.php?rest_route=%2Fwp%2Fv2%2Ftags&post=60890"}],"curies":[{"name":"wp","href":"https:\/\/api.w.org\/{rel}","templated":true}]}}