{"id":60882,"date":"2025-12-05T14:13:41","date_gmt":"2025-12-05T17:13:41","guid":{"rendered":"https:\/\/hablemosclarotdf.com.ar\/?p=60882"},"modified":"2025-12-05T14:13:41","modified_gmt":"2025-12-05T17:13:41","slug":"rio-grande-multitudinaria-convocatoria-en-los-cierres-de-talleres-de-apa-casa-municipal-padre-zink-y-comunidad-en-grande","status":"publish","type":"post","link":"https:\/\/hablemosclarotdf.com.ar\/?p=60882","title":{"rendered":"RIO GRANDE : MULTITUDINARIA CONVOCATORIA EN LOS CIERRES DE TALLERES DE APA, CASA MUNICIPAL, PADRE ZINK Y COMUNIDAD EN GRANDE"},"content":{"rendered":"<p>El Municipio de R\u00edo Grande, a trav\u00e9s de la Secretaria de Gesti\u00f3n Ciudadana, celebr\u00f3 una jornada multitudinaria que marc\u00f3 el cierre anual de los talleres desarrollados en los espacios de APA, Casa Municipal, Padre Zink y por las asociaciones que formaron parte del ciclo Comunidad en Grande durante este 2025. Vecinas y vecinos de todas las edades participaron de las actividades, compartieron muestras y acompa\u00f1aron el trabajo realizado a lo largo del a\u00f1o.<\/p>\n<p>El encuentro, llevado a cabo en las instalaciones de APA, reunieron a cientos de familias que se acercaron para disfrutar de las producciones y aprendizajes construidos en comunidad. Durante el 2025, 275 personas participaron de los talleres anuales de estos espacios municipales, mientras que m\u00e1s de 2000 vecinos y vecinas fueron parte de las propuestas abiertas de Comunidad en Grande, consolidando un a\u00f1o de fuerte presencia territorial y participaci\u00f3n ciudadana.<\/p>\n<p>A lo largo de la jornada se compartieron demostraciones, muestras y actividades que reflejaron la diversidad de propuestas desarrolladas: arte, recreaci\u00f3n, bienestar, deporte, acompa\u00f1amiento comunitario y espacios de encuentro para vecinos y vecinas de todas las edades. Adem\u00e1s, se realiz\u00f3 la entrega de presentes, diplomas de participaci\u00f3n y reconocimientos a talleristas, vecinos y asociaciones que formaron parte de las distintas iniciativas, resaltando el compromiso y la dedicaci\u00f3n puesta en cada proceso.<\/p>\n<p>Al respecto, la subsecretaria de Participaci\u00f3n Ciudadana, D\u00e9bora Galichini, afirm\u00f3 que \u201ceste a\u00f1o, con Comunidad en Grande trabajamos intensamente con asociaciones e instituciones muy reconocidas de nuestra ciudad. Ese trabajo conjunto nos permiti\u00f3 fortalecer el v\u00ednculo entre el Municipio y estas organizaciones, para que m\u00e1s vecinos y vecinas no solo las conozcan, sino que tambi\u00e9n puedan sumarse a sus propuestas\u201d.<\/p>\n<p>Adem\u00e1s, agreg\u00f3 que \u201cen cuanto a los talleres recreativos, la comunidad se los apropi\u00f3 de una manera muy significativa: hoy Casa Municipal o el Padre Zink dejaron de ser \u00fanicamente espacios para realizar tr\u00e1mites o pagar servicios y se consolidaron como verdaderos puntos de encuentro, crecimiento y construcci\u00f3n comunitaria\u201d.<\/p>\n<p>De esta manera, el Municipio reafirma su compromiso con una R\u00edo Grande m\u00e1s inclusiva, participativa y cercana, donde el aprendizaje, la convivencia y el encuentro contin\u00faen siendo ejes centrales del trabajo comunitario.<\/p>\n<p><img loading=\"lazy\" decoding=\"async\" class=\"alignnone size-medium wp-image-60884\" src=\"https:\/\/hablemosclarotdf.com.ar\/wp-content\/uploads\/2025\/12\/photo_2025-12-05_14-11-18-300x200.jpg\" alt=\"\" width=\"300\" height=\"200\" srcset=\"https:\/\/hablemosclarotdf.com.ar\/wp-content\/uploads\/2025\/12\/photo_2025-12-05_14-11-18-300x200.jpg 300w, https:\/\/hablemosclarotdf.com.ar\/wp-content\/uploads\/2025\/12\/photo_2025-12-05_14-11-18-1024x682.jpg 1024w, https:\/\/hablemosclarotdf.com.ar\/wp-content\/uploads\/2025\/12\/photo_2025-12-05_14-11-18-768x512.jpg 768w, https:\/\/hablemosclarotdf.com.ar\/wp-content\/uploads\/2025\/12\/photo_2025-12-05_14-11-18-1536x1024.jpg 1536w, https:\/\/hablemosclarotdf.com.ar\/wp-content\/uploads\/2025\/12\/photo_2025-12-05_14-11-18-2048x1365.jpg 2048w\" sizes=\"auto, (max-width: 300px) 100vw, 300px\" \/> <img loading=\"lazy\" decoding=\"async\" class=\"alignnone size-medium wp-image-60885\" src=\"https:\/\/hablemosclarotdf.com.ar\/wp-content\/uploads\/2025\/12\/photo_2025-12-05_14-11-22-300x200.jpg\" alt=\"\" width=\"300\" height=\"200\" srcset=\"https:\/\/hablemosclarotdf.com.ar\/wp-content\/uploads\/2025\/12\/photo_2025-12-05_14-11-22-300x200.jpg 300w, https:\/\/hablemosclarotdf.com.ar\/wp-content\/uploads\/2025\/12\/photo_2025-12-05_14-11-22-1024x682.jpg 1024w, https:\/\/hablemosclarotdf.com.ar\/wp-content\/uploads\/2025\/12\/photo_2025-12-05_14-11-22-768x512.jpg 768w, https:\/\/hablemosclarotdf.com.ar\/wp-content\/uploads\/2025\/12\/photo_2025-12-05_14-11-22-1536x1024.jpg 1536w, https:\/\/hablemosclarotdf.com.ar\/wp-content\/uploads\/2025\/12\/photo_2025-12-05_14-11-22-2048x1365.jpg 2048w\" sizes=\"auto, (max-width: 300px) 100vw, 300px\" \/> <img loading=\"lazy\" decoding=\"async\" class=\"alignnone size-medium wp-image-60886\" src=\"https:\/\/hablemosclarotdf.com.ar\/wp-content\/uploads\/2025\/12\/photo_2025-12-05_14-11-26-300x200.jpg\" alt=\"\" width=\"300\" height=\"200\" srcset=\"https:\/\/hablemosclarotdf.com.ar\/wp-content\/uploads\/2025\/12\/photo_2025-12-05_14-11-26-300x200.jpg 300w, https:\/\/hablemosclarotdf.com.ar\/wp-content\/uploads\/2025\/12\/photo_2025-12-05_14-11-26-1024x682.jpg 1024w, https:\/\/hablemosclarotdf.com.ar\/wp-content\/uploads\/2025\/12\/photo_2025-12-05_14-11-26-768x512.jpg 768w, https:\/\/hablemosclarotdf.com.ar\/wp-content\/uploads\/2025\/12\/photo_2025-12-05_14-11-26-1536x1024.jpg 1536w, https:\/\/hablemosclarotdf.com.ar\/wp-content\/uploads\/2025\/12\/photo_2025-12-05_14-11-26-2048x1365.jpg 2048w\" sizes=\"auto, (max-width: 300px) 100vw, 300px\" \/> <img loading=\"lazy\" decoding=\"async\" class=\"alignnone size-medium wp-image-60887\" src=\"https:\/\/hablemosclarotdf.com.ar\/wp-content\/uploads\/2025\/12\/photo_2025-12-05_14-11-31-300x200.jpg\" alt=\"\" width=\"300\" height=\"200\" srcset=\"https:\/\/hablemosclarotdf.com.ar\/wp-content\/uploads\/2025\/12\/photo_2025-12-05_14-11-31-300x200.jpg 300w, https:\/\/hablemosclarotdf.com.ar\/wp-content\/uploads\/2025\/12\/photo_2025-12-05_14-11-31-1024x682.jpg 1024w, https:\/\/hablemosclarotdf.com.ar\/wp-content\/uploads\/2025\/12\/photo_2025-12-05_14-11-31-768x512.jpg 768w, https:\/\/hablemosclarotdf.com.ar\/wp-content\/uploads\/2025\/12\/photo_2025-12-05_14-11-31-1536x1024.jpg 1536w, https:\/\/hablemosclarotdf.com.ar\/wp-content\/uploads\/2025\/12\/photo_2025-12-05_14-11-31-2048x1365.jpg 2048w\" sizes=\"auto, (max-width: 300px) 100vw, 300px\" \/><\/p>\n","protected":false},"excerpt":{"rendered":"<p>El Municipio de R\u00edo Grande, a trav\u00e9s de la Secretaria de Gesti\u00f3n Ciudadana, celebr\u00f3 una&#8230;<\/p>\n","protected":false},"author":1,"featured_media":60883,"comment_status":"closed","ping_status":"closed","sticky":false,"template":"","format":"standard","meta":{"footnotes":""},"categories":[3],"tags":[],"class_list":["post-60882","post","type-post","status-publish","format-standard","has-post-thumbnail","hentry","category-noticias"],"jetpack_featured_media_url":"https:\/\/hablemosclarotdf.com.ar\/wp-content\/uploads\/2025\/12\/photo_2025-12-05_14-11-09.jpg","_links":{"self":[{"href":"https:\/\/hablemosclarotdf.com.ar\/index.php?rest_route=\/wp\/v2\/posts\/60882","targetHints":{"allow":["GET"]}}],"collection":[{"href":"https:\/\/hablemosclarotdf.com.ar\/index.php?rest_route=\/wp\/v2\/posts"}],"about":[{"href":"https:\/\/hablemosclarotdf.com.ar\/index.php?rest_route=\/wp\/v2\/types\/post"}],"author":[{"embeddable":true,"href":"https:\/\/hablemosclarotdf.com.ar\/index.php?rest_route=\/wp\/v2\/users\/1"}],"replies":[{"embeddable":true,"href":"https:\/\/hablemosclarotdf.com.ar\/index.php?rest_route=%2Fwp%2Fv2%2Fcomments&post=60882"}],"version-history":[{"count":1,"href":"https:\/\/hablemosclarotdf.com.ar\/index.php?rest_route=\/wp\/v2\/posts\/60882\/revisions"}],"predecessor-version":[{"id":60888,"href":"https:\/\/hablemosclarotdf.com.ar\/index.php?rest_route=\/wp\/v2\/posts\/60882\/revisions\/60888"}],"wp:featuredmedia":[{"embeddable":true,"href":"https:\/\/hablemosclarotdf.com.ar\/index.php?rest_route=\/wp\/v2\/media\/60883"}],"wp:attachment":[{"href":"https:\/\/hablemosclarotdf.com.ar\/index.php?rest_route=%2Fwp%2Fv2%2Fmedia&parent=60882"}],"wp:term":[{"taxonomy":"category","embeddable":true,"href":"https:\/\/hablemosclarotdf.com.ar\/index.php?rest_route=%2Fwp%2Fv2%2Fcategories&post=60882"},{"taxonomy":"post_tag","embeddable":true,"href":"https:\/\/hablemosclarotdf.com.ar\/index.php?rest_route=%2Fwp%2Fv2%2Ftags&post=60882"}],"curies":[{"name":"wp","href":"https:\/\/api.w.org\/{rel}","templated":true}]}}