{"id":60872,"date":"2025-12-05T12:29:49","date_gmt":"2025-12-05T15:29:49","guid":{"rendered":"https:\/\/hablemosclarotdf.com.ar\/?p=60872"},"modified":"2025-12-05T12:29:49","modified_gmt":"2025-12-05T15:29:49","slug":"rio-grande-el-municipio-invita-al-cierre-anual-de-las-escuelas-deportivas-municipales","status":"publish","type":"post","link":"https:\/\/hablemosclarotdf.com.ar\/?p=60872","title":{"rendered":"RIO GRANDE : EL MUNICIPIO INVITA AL CIERRE ANUAL DE LAS ESCUELAS DEPORTIVAS MUNICIPALES"},"content":{"rendered":"<p>El Municipio de R\u00edo Grande convoca a todas las familias y a la comunidad en general a participar del Cierre Anual de las Escuelas Deportivas Municipales, el cual se realizar\u00e1 este domingo 7 de diciembre, desde las 15:30 horas, en el marco de la previa del tradicional Encendido del Arbolito.<\/p>\n<p>Durante la jornada habr\u00e1 una amplia propuesta de actividades recreativas y deportivas pensadas para todas las edades, entre ellas tirolesa, palestra, newcom, tejo, carrera de obst\u00e1culos y circuitos de destreza, promoviendo el juego, el movimiento y la participaci\u00f3n comunitaria.<\/p>\n<p>Las Escuelas Deportivas Municipales son una pol\u00edtica p\u00fablica consolidada que garantiza el acceso al deporte, la recreaci\u00f3n y la actividad f\u00edsica, favoreciendo la inclusi\u00f3n, el bienestar integral y la construcci\u00f3n de v\u00ednculos entre los vecinos y vecinas de la ciudad.<\/p>\n<p>En este sentido, la directora general de Deportes, Antonela Soto, expres\u00f3 que \u201ceste cierre es una fiesta para toda la comunidad. Cada actividad refleja el esfuerzo, la constancia y la alegr\u00eda con la que cientos de vecinos y vecinas participaron durante el a\u00f1o. Queremos que las familias se acerquen, disfruten y sean parte de este encuentro que combina deporte, celebraci\u00f3n y el esp\u00edritu del Encendido del Arbolito\u201d.<\/p>\n<p><img loading=\"lazy\" decoding=\"async\" class=\"alignnone size-medium wp-image-60874\" src=\"https:\/\/hablemosclarotdf.com.ar\/wp-content\/uploads\/2025\/12\/photo_2025-12-05_12-29-06-300x200.jpg\" alt=\"\" width=\"300\" height=\"200\" srcset=\"https:\/\/hablemosclarotdf.com.ar\/wp-content\/uploads\/2025\/12\/photo_2025-12-05_12-29-06-300x200.jpg 300w, https:\/\/hablemosclarotdf.com.ar\/wp-content\/uploads\/2025\/12\/photo_2025-12-05_12-29-06-1024x684.jpg 1024w, https:\/\/hablemosclarotdf.com.ar\/wp-content\/uploads\/2025\/12\/photo_2025-12-05_12-29-06-768x513.jpg 768w, https:\/\/hablemosclarotdf.com.ar\/wp-content\/uploads\/2025\/12\/photo_2025-12-05_12-29-06.jpg 1280w\" sizes=\"auto, (max-width: 300px) 100vw, 300px\" \/><\/p>\n","protected":false},"excerpt":{"rendered":"<p>El Municipio de R\u00edo Grande convoca a todas las familias y a la comunidad en&#8230;<\/p>\n","protected":false},"author":1,"featured_media":60873,"comment_status":"closed","ping_status":"closed","sticky":false,"template":"","format":"standard","meta":{"footnotes":""},"categories":[3],"tags":[],"class_list":["post-60872","post","type-post","status-publish","format-standard","has-post-thumbnail","hentry","category-noticias"],"jetpack_featured_media_url":"https:\/\/hablemosclarotdf.com.ar\/wp-content\/uploads\/2025\/12\/photo_2025-12-05_12-29-02.jpg","_links":{"self":[{"href":"https:\/\/hablemosclarotdf.com.ar\/index.php?rest_route=\/wp\/v2\/posts\/60872","targetHints":{"allow":["GET"]}}],"collection":[{"href":"https:\/\/hablemosclarotdf.com.ar\/index.php?rest_route=\/wp\/v2\/posts"}],"about":[{"href":"https:\/\/hablemosclarotdf.com.ar\/index.php?rest_route=\/wp\/v2\/types\/post"}],"author":[{"embeddable":true,"href":"https:\/\/hablemosclarotdf.com.ar\/index.php?rest_route=\/wp\/v2\/users\/1"}],"replies":[{"embeddable":true,"href":"https:\/\/hablemosclarotdf.com.ar\/index.php?rest_route=%2Fwp%2Fv2%2Fcomments&post=60872"}],"version-history":[{"count":1,"href":"https:\/\/hablemosclarotdf.com.ar\/index.php?rest_route=\/wp\/v2\/posts\/60872\/revisions"}],"predecessor-version":[{"id":60875,"href":"https:\/\/hablemosclarotdf.com.ar\/index.php?rest_route=\/wp\/v2\/posts\/60872\/revisions\/60875"}],"wp:featuredmedia":[{"embeddable":true,"href":"https:\/\/hablemosclarotdf.com.ar\/index.php?rest_route=\/wp\/v2\/media\/60873"}],"wp:attachment":[{"href":"https:\/\/hablemosclarotdf.com.ar\/index.php?rest_route=%2Fwp%2Fv2%2Fmedia&parent=60872"}],"wp:term":[{"taxonomy":"category","embeddable":true,"href":"https:\/\/hablemosclarotdf.com.ar\/index.php?rest_route=%2Fwp%2Fv2%2Fcategories&post=60872"},{"taxonomy":"post_tag","embeddable":true,"href":"https:\/\/hablemosclarotdf.com.ar\/index.php?rest_route=%2Fwp%2Fv2%2Ftags&post=60872"}],"curies":[{"name":"wp","href":"https:\/\/api.w.org\/{rel}","templated":true}]}}