{"id":60855,"date":"2025-12-05T10:03:44","date_gmt":"2025-12-05T13:03:44","guid":{"rendered":"https:\/\/hablemosclarotdf.com.ar\/?p=60855"},"modified":"2025-12-05T10:03:44","modified_gmt":"2025-12-05T13:03:44","slug":"corte-de-energia-en-ushuaia-9","status":"publish","type":"post","link":"https:\/\/hablemosclarotdf.com.ar\/?p=60855","title":{"rendered":"CORTE DE ENERG\u00cdA EN USHUAIA"},"content":{"rendered":"<p>La Direcci\u00f3n Provincial de Energ\u00eda informa a la comunidad que, debido a una emergencia se realizar\u00e1 un corte del servicio el\u00e9ctrico en el Alimentador N\u00b05 para llevar adelante el recambio de un transformador que presenta p\u00e9rdida de aceite.<\/p>\n<p>Las zonas afectadas son:<\/p>\n<p>Barrio Centenario, ,Brown, Jos\u00e9 Hern\u00e1ndez, 200 Viviendas, Los Pinos, Intevu 6 y 14.<\/p>\n<p>OSEF y Caja de Previsi\u00f3n Social.<\/p>\n<p>Calle Martial y camino hacia los hoteles del Glaciar Martial.<\/p>\n<p>El corte tendr\u00e1 una duraci\u00f3n aproximada de dos horas mientras se realizan los trabajos necesarios para restablecer el servicio.<\/p>\n<p>La DPE solicita a los vecinos sepan disculpar las molestias ocasionadas y agradece la comprensi\u00f3n.<\/p>\n","protected":false},"excerpt":{"rendered":"<p>La Direcci\u00f3n Provincial de Energ\u00eda informa a la comunidad que, debido a una emergencia se&#8230;<\/p>\n","protected":false},"author":1,"featured_media":60856,"comment_status":"closed","ping_status":"closed","sticky":false,"template":"","format":"standard","meta":{"footnotes":""},"categories":[3],"tags":[],"class_list":["post-60855","post","type-post","status-publish","format-standard","has-post-thumbnail","hentry","category-noticias"],"jetpack_featured_media_url":"https:\/\/hablemosclarotdf.com.ar\/wp-content\/uploads\/2025\/12\/photo_2025-12-05_10-02-50.jpg","_links":{"self":[{"href":"https:\/\/hablemosclarotdf.com.ar\/index.php?rest_route=\/wp\/v2\/posts\/60855","targetHints":{"allow":["GET"]}}],"collection":[{"href":"https:\/\/hablemosclarotdf.com.ar\/index.php?rest_route=\/wp\/v2\/posts"}],"about":[{"href":"https:\/\/hablemosclarotdf.com.ar\/index.php?rest_route=\/wp\/v2\/types\/post"}],"author":[{"embeddable":true,"href":"https:\/\/hablemosclarotdf.com.ar\/index.php?rest_route=\/wp\/v2\/users\/1"}],"replies":[{"embeddable":true,"href":"https:\/\/hablemosclarotdf.com.ar\/index.php?rest_route=%2Fwp%2Fv2%2Fcomments&post=60855"}],"version-history":[{"count":1,"href":"https:\/\/hablemosclarotdf.com.ar\/index.php?rest_route=\/wp\/v2\/posts\/60855\/revisions"}],"predecessor-version":[{"id":60857,"href":"https:\/\/hablemosclarotdf.com.ar\/index.php?rest_route=\/wp\/v2\/posts\/60855\/revisions\/60857"}],"wp:featuredmedia":[{"embeddable":true,"href":"https:\/\/hablemosclarotdf.com.ar\/index.php?rest_route=\/wp\/v2\/media\/60856"}],"wp:attachment":[{"href":"https:\/\/hablemosclarotdf.com.ar\/index.php?rest_route=%2Fwp%2Fv2%2Fmedia&parent=60855"}],"wp:term":[{"taxonomy":"category","embeddable":true,"href":"https:\/\/hablemosclarotdf.com.ar\/index.php?rest_route=%2Fwp%2Fv2%2Fcategories&post=60855"},{"taxonomy":"post_tag","embeddable":true,"href":"https:\/\/hablemosclarotdf.com.ar\/index.php?rest_route=%2Fwp%2Fv2%2Ftags&post=60855"}],"curies":[{"name":"wp","href":"https:\/\/api.w.org\/{rel}","templated":true}]}}