{"id":60848,"date":"2025-12-05T10:01:00","date_gmt":"2025-12-05T13:01:00","guid":{"rendered":"https:\/\/hablemosclarotdf.com.ar\/?p=60848"},"modified":"2025-12-05T10:01:00","modified_gmt":"2025-12-05T13:01:00","slug":"genero-diversidad-interculturalidad-y-memoria-los-ejes-del-primer-congreso-de-derechos-humanos-de-tierra-del-fuego","status":"publish","type":"post","link":"https:\/\/hablemosclarotdf.com.ar\/?p=60848","title":{"rendered":"G\u00c9NERO, DIVERSIDAD, INTERCULTURALIDAD Y MEMORIA: LOS EJES DEL PRIMER CONGRESO DE DERECHOS HUMANOS DE TIERRA DEL FUEGO"},"content":{"rendered":"<p>El Gobierno de la Provincia llevar\u00e1 adelante el Primer Congreso Provincial de Derechos Humanos: \u201cDerechos Humanos desde el Sur \u2013 Uniendo Derechos, tejiendo redes, construyendo comunidad\u201d.<\/p>\n<p>El evento tendr\u00e1 lugar en Ushuaia el pr\u00f3ximo 10 de diciembre de 2025, en las instalaciones del IPRA a las 9:30 hs., en el marco del D\u00eda Internacional de los Derechos Humanos, posicionando a la provincia como un faro de reflexi\u00f3n y acci\u00f3n desde el extremo austral del planeta.<\/p>\n<p>El Congreso contar\u00e1 con la participaci\u00f3n de figuras de reconocido prestigio y trayectoria, que aportar\u00e1n profundidad acad\u00e9mica, experiencia judicial y una potente mirada testimonial:<\/p>\n<p>Dra. Dora Barrancos: Reconocida soci\u00f3loga, historiadora e investigadora principal del CONICET. Referente indiscutida en estudios de g\u00e9nero y derechos sociales.<\/p>\n<p>Dr. Carlos Rozanski: Ex Juez Federal, protagonista clave en hist\u00f3ricos juicios por cr\u00edmenes de lesa humanidad. Un s\u00edmbolo de la lucha por la memoria, la verdad y la justicia.<\/p>\n<p>Claudia Dom\u00ednguez: Nieta restituida N\u00b0 117 por Abuelas de Plaza de Mayo. Su vida es un emblema de la perseverancia en la lucha por el derecho a la identidad.<\/p>\n<p>Dirigido a toda la comunidad, el Congreso se propone como un \u00e1mbito fundamental para el intercambio de saberes, la reflexi\u00f3n cr\u00edtica y el debate plural. Su objetivo central es fortalecer la promoci\u00f3n y protecci\u00f3n de los derechos humanos desde una mirada local, situada en el sur, pero con perspectiva global. Se busca tejer redes s\u00f3lidas entre actores institucionales, acad\u00e9micos, organizaciones sociales y la ciudadan\u00eda en general.<\/p>\n<p>La agenda del Congreso abordar\u00e1 los debates m\u00e1s contempor\u00e1neos y urgentes a trav\u00e9s de cuatro ejes estructurantes e interconectados:<\/p>\n<p>Derechos Humanos: An\u00e1lisis del estado actual, memoria, verdad, justicia y los desaf\u00edos futuros.<\/p>\n<p>G\u00e9nero: Perspectivas sobre igualdad, violencias y pol\u00edticas con enfoque de derechos.<\/p>\n<p>Diversidad: Di\u00e1logos sobre inclusi\u00f3n, no discriminaci\u00f3n y derechos de colectivos LGBTIQ+.<\/p>\n<p>Interculturalidad: Reflexiones sobre pueblos originarios, migraciones y convivencia en la diversidad.<\/p>\n<p>Esta selecci\u00f3n refleja un compromiso con una visi\u00f3n de los derechos humanos que es amplia, inclusiva y atenta a las complejidades de la sociedad actual.<\/p>\n<p>Este Congreso, cuenta con el respaldo institucional mediante el Decreto 2800\/25 del Poder Ejecutivo y la Resoluci\u00f3n 400\/25 del Poder Legislativo. Este doble aval transforma la iniciativa en una declaraci\u00f3n expresa y unificada de voluntad pol\u00edtica, destinada a fortalecer la promoci\u00f3n, protecci\u00f3n y debate sobre los derechos humanos en la comunidad fueguina y m\u00e1s all\u00e1 de sus fronteras.<\/p>\n<p><img loading=\"lazy\" decoding=\"async\" class=\"alignnone size-medium wp-image-60850\" src=\"https:\/\/hablemosclarotdf.com.ar\/wp-content\/uploads\/2025\/12\/photo_2025-12-05_09-58-35-240x300.jpg\" alt=\"\" width=\"240\" height=\"300\" srcset=\"https:\/\/hablemosclarotdf.com.ar\/wp-content\/uploads\/2025\/12\/photo_2025-12-05_09-58-35-240x300.jpg 240w, https:\/\/hablemosclarotdf.com.ar\/wp-content\/uploads\/2025\/12\/photo_2025-12-05_09-58-35-819x1024.jpg 819w, https:\/\/hablemosclarotdf.com.ar\/wp-content\/uploads\/2025\/12\/photo_2025-12-05_09-58-35-768x960.jpg 768w, https:\/\/hablemosclarotdf.com.ar\/wp-content\/uploads\/2025\/12\/photo_2025-12-05_09-58-35.jpg 1024w\" sizes=\"auto, (max-width: 240px) 100vw, 240px\" \/> <img loading=\"lazy\" decoding=\"async\" class=\"alignnone size-medium wp-image-60851\" src=\"https:\/\/hablemosclarotdf.com.ar\/wp-content\/uploads\/2025\/12\/photo_2025-12-05_09-58-57-240x300.jpg\" alt=\"\" width=\"240\" height=\"300\" srcset=\"https:\/\/hablemosclarotdf.com.ar\/wp-content\/uploads\/2025\/12\/photo_2025-12-05_09-58-57-240x300.jpg 240w, https:\/\/hablemosclarotdf.com.ar\/wp-content\/uploads\/2025\/12\/photo_2025-12-05_09-58-57-819x1024.jpg 819w, https:\/\/hablemosclarotdf.com.ar\/wp-content\/uploads\/2025\/12\/photo_2025-12-05_09-58-57-768x960.jpg 768w, https:\/\/hablemosclarotdf.com.ar\/wp-content\/uploads\/2025\/12\/photo_2025-12-05_09-58-57.jpg 1024w\" sizes=\"auto, (max-width: 240px) 100vw, 240px\" \/> <img loading=\"lazy\" decoding=\"async\" class=\"alignnone size-medium wp-image-60852\" src=\"https:\/\/hablemosclarotdf.com.ar\/wp-content\/uploads\/2025\/12\/photo_2025-12-05_09-59-00-240x300.jpg\" alt=\"\" width=\"240\" height=\"300\" srcset=\"https:\/\/hablemosclarotdf.com.ar\/wp-content\/uploads\/2025\/12\/photo_2025-12-05_09-59-00-240x300.jpg 240w, https:\/\/hablemosclarotdf.com.ar\/wp-content\/uploads\/2025\/12\/photo_2025-12-05_09-59-00-819x1024.jpg 819w, https:\/\/hablemosclarotdf.com.ar\/wp-content\/uploads\/2025\/12\/photo_2025-12-05_09-59-00-768x960.jpg 768w, https:\/\/hablemosclarotdf.com.ar\/wp-content\/uploads\/2025\/12\/photo_2025-12-05_09-59-00.jpg 1024w\" sizes=\"auto, (max-width: 240px) 100vw, 240px\" \/> <img loading=\"lazy\" decoding=\"async\" class=\"alignnone size-medium wp-image-60853\" src=\"https:\/\/hablemosclarotdf.com.ar\/wp-content\/uploads\/2025\/12\/photo_2025-12-05_09-59-06-240x300.jpg\" alt=\"\" width=\"240\" height=\"300\" srcset=\"https:\/\/hablemosclarotdf.com.ar\/wp-content\/uploads\/2025\/12\/photo_2025-12-05_09-59-06-240x300.jpg 240w, https:\/\/hablemosclarotdf.com.ar\/wp-content\/uploads\/2025\/12\/photo_2025-12-05_09-59-06-819x1024.jpg 819w, https:\/\/hablemosclarotdf.com.ar\/wp-content\/uploads\/2025\/12\/photo_2025-12-05_09-59-06-768x960.jpg 768w, https:\/\/hablemosclarotdf.com.ar\/wp-content\/uploads\/2025\/12\/photo_2025-12-05_09-59-06.jpg 1024w\" sizes=\"auto, (max-width: 240px) 100vw, 240px\" \/><\/p>\n","protected":false},"excerpt":{"rendered":"<p>El Gobierno de la Provincia llevar\u00e1 adelante el Primer Congreso Provincial de Derechos Humanos: \u201cDerechos&#8230;<\/p>\n","protected":false},"author":1,"featured_media":60849,"comment_status":"closed","ping_status":"closed","sticky":false,"template":"","format":"standard","meta":{"footnotes":""},"categories":[3],"tags":[],"class_list":["post-60848","post","type-post","status-publish","format-standard","has-post-thumbnail","hentry","category-noticias"],"jetpack_featured_media_url":"https:\/\/hablemosclarotdf.com.ar\/wp-content\/uploads\/2025\/12\/photo_2025-12-05_09-58-30.jpg","_links":{"self":[{"href":"https:\/\/hablemosclarotdf.com.ar\/index.php?rest_route=\/wp\/v2\/posts\/60848","targetHints":{"allow":["GET"]}}],"collection":[{"href":"https:\/\/hablemosclarotdf.com.ar\/index.php?rest_route=\/wp\/v2\/posts"}],"about":[{"href":"https:\/\/hablemosclarotdf.com.ar\/index.php?rest_route=\/wp\/v2\/types\/post"}],"author":[{"embeddable":true,"href":"https:\/\/hablemosclarotdf.com.ar\/index.php?rest_route=\/wp\/v2\/users\/1"}],"replies":[{"embeddable":true,"href":"https:\/\/hablemosclarotdf.com.ar\/index.php?rest_route=%2Fwp%2Fv2%2Fcomments&post=60848"}],"version-history":[{"count":1,"href":"https:\/\/hablemosclarotdf.com.ar\/index.php?rest_route=\/wp\/v2\/posts\/60848\/revisions"}],"predecessor-version":[{"id":60854,"href":"https:\/\/hablemosclarotdf.com.ar\/index.php?rest_route=\/wp\/v2\/posts\/60848\/revisions\/60854"}],"wp:featuredmedia":[{"embeddable":true,"href":"https:\/\/hablemosclarotdf.com.ar\/index.php?rest_route=\/wp\/v2\/media\/60849"}],"wp:attachment":[{"href":"https:\/\/hablemosclarotdf.com.ar\/index.php?rest_route=%2Fwp%2Fv2%2Fmedia&parent=60848"}],"wp:term":[{"taxonomy":"category","embeddable":true,"href":"https:\/\/hablemosclarotdf.com.ar\/index.php?rest_route=%2Fwp%2Fv2%2Fcategories&post=60848"},{"taxonomy":"post_tag","embeddable":true,"href":"https:\/\/hablemosclarotdf.com.ar\/index.php?rest_route=%2Fwp%2Fv2%2Ftags&post=60848"}],"curies":[{"name":"wp","href":"https:\/\/api.w.org\/{rel}","templated":true}]}}