{"id":60845,"date":"2025-12-05T09:56:57","date_gmt":"2025-12-05T12:56:57","guid":{"rendered":"https:\/\/hablemosclarotdf.com.ar\/?p=60845"},"modified":"2025-12-05T09:56:57","modified_gmt":"2025-12-05T12:56:57","slug":"el-arbolito-mas-grande-del-pais-vuelve-a-iluminar-rio-grande","status":"publish","type":"post","link":"https:\/\/hablemosclarotdf.com.ar\/?p=60845","title":{"rendered":"EL ARBOLITO M\u00c1S GRANDE DEL PA\u00cdS VUELVE A ILUMINAR R\u00cdO GRANDE"},"content":{"rendered":"<p>R\u00edo Grande vivir\u00e1 este domingo 7 de diciembre una nueva edici\u00f3n de la Fiesta Municipal del Encendido del Arbolito, evento identitario de nuestra ciudad. Desde las 15:30 horas, miles de vecinos y visitantes se reunir\u00e1n en el Parque de los 100 A\u00f1os para disfrutar de actividades deportivas, recreativas, culturales y gastron\u00f3micas, adem\u00e1s del espect\u00e1culo central de Luck Ra previsto para las 19 horas.<\/p>\n<p>El Encendido del Arbolito se ha transformado en una tradici\u00f3n que re\u00fane a toda la comunidad riograndense para compartir m\u00fasica, juegos y propuestas para todas las edades. La grilla de actividades dar\u00e1 inicio a las 15:30 con actividades recreativas, la Juegoteca y el cierre de las escuelitas deportivas municipales.<\/p>\n<p>Desde las 16:30, las bandas C Baila Cumbia, seguido por Se\u00f1ora Cumbia, De Caravana y Q\u2019 Descontrol abrir\u00e1n el escenario art\u00edstico en la previa del esperado show principal de Luck Ra.<\/p>\n<p>Paralelamente, las y los vecinos podr\u00e1n disfrutar del patio gastron\u00f3mico donde encontrar\u00e1n variedad de carritos.<\/p>\n<p>Luego del show de Luck Ra, la noche continuar\u00e1 con la Banda Municipal, cantantes riograndenses y DJs hasta la medianoche, momento en que se encender\u00e1 el \u00c1rbol m\u00e1s grande del pa\u00eds, marcando el inicio de los festejos de fin de a\u00f1o.<\/p>\n<p>La realizaci\u00f3n de este multitudinario evento moviliza a toda la ciudad. Ejemplo de ello es la dinamizaci\u00f3n de los servicios hoteleros, gastron\u00f3micos y comerciales, producto de la llegada de visitantes de diferentes puntos de la provincia y la regi\u00f3n.<\/p>\n<p>Ante la magnitud de esta Fiesta Municipal, se coordin\u00f3 un operativo especial con todas las fuerzas y \u00e1reas intervinientes, entre ellas Defensa Civil, Bomberos Voluntarios, Polic\u00eda Provincial, Polic\u00eda Federal, Prefectura Naval, BIM N\u00ba5**, Tr\u00e1nsito, Comercio, Servicios Veterinarios, G\u00e9nero y Diversidad, Deportes y Promotores Territoriales.<\/p>\n<p>El dispositivo incluye: cortes de calles y ordenamiento de accesos, monitoreo con c\u00e1maras de vigilancia, postas sanitarias, puntos de Encuentro, presencia costera preventiva de Prefectura, Control de carritos gastron\u00f3micos y refuerzo del per\u00edmetro con apoyo del BIM N\u00ba5.<\/p>\n<p>Cabe destacar que esta edici\u00f3n del Encendido del Arbolito contar\u00e1 con un Punto Accesible a fin de garantizar la inclusi\u00f3n de personas con movilidad reducida y discapacidad motriz que cuenten con CUD.<\/p>\n<p>El Municipio invita a la comunidad a disfrutar de una noche \u00fanica. El Encendido del Arbolito vuelve a reunir a R\u00edo Grande para celebrar, compartir y encender juntos el esp\u00edritu de fin de a\u00f1o.<\/p>\n","protected":false},"excerpt":{"rendered":"<p>R\u00edo Grande vivir\u00e1 este domingo 7 de diciembre una nueva edici\u00f3n de la Fiesta Municipal&#8230;<\/p>\n","protected":false},"author":1,"featured_media":60846,"comment_status":"closed","ping_status":"closed","sticky":false,"template":"","format":"standard","meta":{"footnotes":""},"categories":[3],"tags":[],"class_list":["post-60845","post","type-post","status-publish","format-standard","has-post-thumbnail","hentry","category-noticias"],"jetpack_featured_media_url":"https:\/\/hablemosclarotdf.com.ar\/wp-content\/uploads\/2025\/12\/photo_2025-12-05_09-56-20.jpg","_links":{"self":[{"href":"https:\/\/hablemosclarotdf.com.ar\/index.php?rest_route=\/wp\/v2\/posts\/60845","targetHints":{"allow":["GET"]}}],"collection":[{"href":"https:\/\/hablemosclarotdf.com.ar\/index.php?rest_route=\/wp\/v2\/posts"}],"about":[{"href":"https:\/\/hablemosclarotdf.com.ar\/index.php?rest_route=\/wp\/v2\/types\/post"}],"author":[{"embeddable":true,"href":"https:\/\/hablemosclarotdf.com.ar\/index.php?rest_route=\/wp\/v2\/users\/1"}],"replies":[{"embeddable":true,"href":"https:\/\/hablemosclarotdf.com.ar\/index.php?rest_route=%2Fwp%2Fv2%2Fcomments&post=60845"}],"version-history":[{"count":1,"href":"https:\/\/hablemosclarotdf.com.ar\/index.php?rest_route=\/wp\/v2\/posts\/60845\/revisions"}],"predecessor-version":[{"id":60847,"href":"https:\/\/hablemosclarotdf.com.ar\/index.php?rest_route=\/wp\/v2\/posts\/60845\/revisions\/60847"}],"wp:featuredmedia":[{"embeddable":true,"href":"https:\/\/hablemosclarotdf.com.ar\/index.php?rest_route=\/wp\/v2\/media\/60846"}],"wp:attachment":[{"href":"https:\/\/hablemosclarotdf.com.ar\/index.php?rest_route=%2Fwp%2Fv2%2Fmedia&parent=60845"}],"wp:term":[{"taxonomy":"category","embeddable":true,"href":"https:\/\/hablemosclarotdf.com.ar\/index.php?rest_route=%2Fwp%2Fv2%2Fcategories&post=60845"},{"taxonomy":"post_tag","embeddable":true,"href":"https:\/\/hablemosclarotdf.com.ar\/index.php?rest_route=%2Fwp%2Fv2%2Ftags&post=60845"}],"curies":[{"name":"wp","href":"https:\/\/api.w.org\/{rel}","templated":true}]}}