{"id":60779,"date":"2025-12-04T16:53:40","date_gmt":"2025-12-04T19:53:40","guid":{"rendered":"https:\/\/hablemosclarotdf.com.ar\/?p=60779"},"modified":"2025-12-04T16:53:40","modified_gmt":"2025-12-04T19:53:40","slug":"rio-grande-todo-lo-que-tenes-que-saber-para-disfrutar-de-la-fiesta-municipal-del-encendido-del-arbolito","status":"publish","type":"post","link":"https:\/\/hablemosclarotdf.com.ar\/?p=60779","title":{"rendered":"RIO GRANDE : TODO LO QUE TEN\u00c9S QUE SABER PARA DISFRUTAR DE LA FIESTA MUNICIPAL DEL ENCENDIDO DEL ARBOLITO"},"content":{"rendered":"<p>El Municipio de R\u00edo Grande brinda a los vecinos y vecinas informaci\u00f3n \u00fatil sobre los servicios disponibles para disfrutar de la gran Fiesta del Encendido del \u00c1rbol. El evento se realizar\u00e1 este domingo 7 de diciembre a partir de las 15:30 horas, con shows en vivo y propuestas para toda la familia.<\/p>\n<p>Con el fin de garantizar una jornada segura y ordenada, se detalla a continuaci\u00f3n la ubicaci\u00f3n de los principales servicios dentro del predio:<\/p>\n<p>\u2022 Patio Gastron\u00f3mico, ubicado en el sector del estacionamiento del Parque de los 100 a\u00f1os, donde estar\u00e1 disponible una amplia oferta de carritos.<br \/>\n\u2022 Ba\u00f1os, distribuidos en distintos puntos estrat\u00e9gicos para facilitar el acceso durante toda la jornada. Se encontrar\u00e1n en el sector del estacionamiento como as\u00ed tambi\u00e9n sobre la Av. H\u00e9roes de Avenidas en el sentido norte-sur.<br \/>\n\u2022 Puntos de Encuentro (P1, P2, P3 y P4), se\u00f1alizados para facilitar la referencia y la localizaci\u00f3n dentro del predio. Los mismos estar\u00e1n ubicados en el sector del estacionamiento, Parque, como asi tambi\u00e9n sobre la Avenida en ambas direcciones.<br \/>\n\u2022 Zona Accesible, destinada a personas con movilidad reducida, ubicada frente al escenario para asegurar su comodidad y disfrute.<br \/>\n\u2022 Postas Sanitarias, en inmediaciones del Estacionamiento y en el bulevar de la Av. H\u00e9roes de Malvinas. A trav\u00e9s de los mismos se busca garantizar atenci\u00f3n inmediata ante cualquier situaci\u00f3n de emergencia.<br \/>\n\u2022 Puestos de Seguridad, Defensa Civil y Bomberos, que estar\u00e1n operativos durante todo el evento para acompa\u00f1ar preventivamente a la comunidad.<\/p>\n<p>Cabe destacar que Servicios Veterinarios tambi\u00e9n estar\u00e1 presente con un sector de tenencia responsable. Desde el \u00e1rea recomiendan no asistir al evento con mascotas, ya que la gran concurrencia, la m\u00fasica en vivo, las luces y la presencia masiva de personas pueden generar estr\u00e9s, desorientaci\u00f3n o extrav\u00edos de las mismas. Se solicita a la comunidad que priorice su bienestar y los deje resguardados en sus hogares.<\/p>\n<p>A su vez, se recuerda que el escenario principal estar\u00e1 ubicado en el sector cercano a la Rotonda del Avi\u00f3n, donde se desarrollar\u00e1n los shows art\u00edsticos. Todo el predio contar\u00e1 con sectores se\u00f1alizados para facilitar el tr\u00e1nsito y la organizaci\u00f3n general del p\u00fablico.<\/p>\n<p>El Municipio invita a todas las familias a sumarse a esta fiesta tradicional, acerc\u00e1ndose con tiempo y utilizando los espacios destinados para garantizar un disfrute pleno, c\u00f3modo y seguro.<\/p>\n","protected":false},"excerpt":{"rendered":"<p>El Municipio de R\u00edo Grande brinda a los vecinos y vecinas informaci\u00f3n \u00fatil sobre los&#8230;<\/p>\n","protected":false},"author":1,"featured_media":60780,"comment_status":"closed","ping_status":"closed","sticky":false,"template":"","format":"standard","meta":{"footnotes":""},"categories":[3],"tags":[],"class_list":["post-60779","post","type-post","status-publish","format-standard","has-post-thumbnail","hentry","category-noticias"],"jetpack_featured_media_url":"https:\/\/hablemosclarotdf.com.ar\/wp-content\/uploads\/2025\/12\/photo_2025-12-04_16-52-44.jpg","_links":{"self":[{"href":"https:\/\/hablemosclarotdf.com.ar\/index.php?rest_route=\/wp\/v2\/posts\/60779","targetHints":{"allow":["GET"]}}],"collection":[{"href":"https:\/\/hablemosclarotdf.com.ar\/index.php?rest_route=\/wp\/v2\/posts"}],"about":[{"href":"https:\/\/hablemosclarotdf.com.ar\/index.php?rest_route=\/wp\/v2\/types\/post"}],"author":[{"embeddable":true,"href":"https:\/\/hablemosclarotdf.com.ar\/index.php?rest_route=\/wp\/v2\/users\/1"}],"replies":[{"embeddable":true,"href":"https:\/\/hablemosclarotdf.com.ar\/index.php?rest_route=%2Fwp%2Fv2%2Fcomments&post=60779"}],"version-history":[{"count":1,"href":"https:\/\/hablemosclarotdf.com.ar\/index.php?rest_route=\/wp\/v2\/posts\/60779\/revisions"}],"predecessor-version":[{"id":60781,"href":"https:\/\/hablemosclarotdf.com.ar\/index.php?rest_route=\/wp\/v2\/posts\/60779\/revisions\/60781"}],"wp:featuredmedia":[{"embeddable":true,"href":"https:\/\/hablemosclarotdf.com.ar\/index.php?rest_route=\/wp\/v2\/media\/60780"}],"wp:attachment":[{"href":"https:\/\/hablemosclarotdf.com.ar\/index.php?rest_route=%2Fwp%2Fv2%2Fmedia&parent=60779"}],"wp:term":[{"taxonomy":"category","embeddable":true,"href":"https:\/\/hablemosclarotdf.com.ar\/index.php?rest_route=%2Fwp%2Fv2%2Fcategories&post=60779"},{"taxonomy":"post_tag","embeddable":true,"href":"https:\/\/hablemosclarotdf.com.ar\/index.php?rest_route=%2Fwp%2Fv2%2Ftags&post=60779"}],"curies":[{"name":"wp","href":"https:\/\/api.w.org\/{rel}","templated":true}]}}