{"id":60758,"date":"2025-12-04T14:34:50","date_gmt":"2025-12-04T17:34:50","guid":{"rendered":"https:\/\/hablemosclarotdf.com.ar\/?p=60758"},"modified":"2025-12-04T14:34:50","modified_gmt":"2025-12-04T17:34:50","slug":"se-llevara-a-cabo-el-taller-gobierno-abierto-transparencia-participacion-y-colaboracion","status":"publish","type":"post","link":"https:\/\/hablemosclarotdf.com.ar\/?p=60758","title":{"rendered":"SE LLEVAR\u00c1 A CABO EL TALLER \u201cGOBIERNO ABIERTO: TRANSPARENCIA, PARTICIPACI\u00d3N Y COLABORACI\u00d3N\u201d"},"content":{"rendered":"<p>El Gobierno de Tierra del Fuego AIAS, a trav\u00e9s de la Secretar\u00eda de Ciencia y Tecnolog\u00eda y la Secretar\u00eda de Malvinas, Ant\u00e1rtida, Islas del Atl\u00e1ntico Sur y Asuntos Internacionales, invita a participar del Taller \u201cGobierno Abierto: transparencia, participaci\u00f3n y colaboraci\u00f3n en la gesti\u00f3n p\u00fablica\u201d, que tendr\u00e1 lugar el viernes 5 de diciembre en el Polo Creativo de Ushuaia (Gobernador Paz 836).<\/p>\n<p>La actividad se enmarca en el Proyecto de Cooperaci\u00f3n Argentina\u2013Uni\u00f3n Europea para la Transformaci\u00f3n Digital e Innovaci\u00f3n Tecnol\u00f3gica, una iniciativa estrat\u00e9gica que busca fortalecer la cooperaci\u00f3n bilateral, acelerar la transici\u00f3n digital y fomentar una econom\u00eda basada en el conocimiento y la innovaci\u00f3n.<\/p>\n<p>El objetivo principal es fortalecer las capacidades provinciales en Gobierno Abierto, promoviendo la adopci\u00f3n de buenas pr\u00e1cticas internacionales y el uso estrat\u00e9gico de herramientas digitales. La propuesta surge tras un relevamiento de necesidades locales, donde se identificaron prioridades como la mejora en la calidad de la informaci\u00f3n p\u00fablica, la participaci\u00f3n ciudadana efectiva y la innovaci\u00f3n tecnol\u00f3gica.<\/p>\n<p>La jornada contar\u00e1 con la participaci\u00f3n de destacados expertos nacionales e internacionales. La apertura estar\u00e1 a cargo del Mg. Andr\u00e9s Dachary, Secretario de Malvinas, Ant\u00e1rtida, Islas del Atl\u00e1ntico Sur y Asuntos Internacionales, y Delfina Candi Tormos en representaci\u00f3n de la Secretar\u00eda de Innovaci\u00f3n, Ciencia y Tecnolog\u00eda de la Naci\u00f3n. Asimismo, participar\u00e1n Fr\u00e9d\u00e9ric Maier, Agregado de cooperaci\u00f3n de la Uni\u00f3n Europea (de manera virtual), y la Dra. Cecilia Danesi, Jefa del equipo de expertos del proyecto.<\/p>\n<p>Durante el evento, se trabajar\u00e1 sobre un diagn\u00f3stico de la situaci\u00f3n actual y se explorar\u00e1n casos de \u00e9xito en transparencia y datos abiertos que puedan inspirar soluciones locales. Se busca impulsar el dise\u00f1o de estrategias provinciales que integren principios de gobierno abierto hacia una hoja de ruta 2030\/2040.<\/p>\n<p>Las inscripciones se llevan a cabo a trav\u00e9s de https:\/\/goo.su\/Ui9HNo.<\/p>\n<p>PROGRAMA:<br \/>\n&#8211; 9:00 &#8211; 9:30 &#8211; Apertura Institucional: Palabras de bienvenida a cargo de autoridades provinciales, nacionales y de la Uni\u00f3n Europea.<br \/>\n&#8211; 9:30 &#8211; 11:15 &#8211; Mesa 1: Diagn\u00f3stico y priorizaci\u00f3n:<br \/>\nExposici\u00f3n sobre principios de gobierno abierto y marco internacional a cargo de Carlos E. Jim\u00e9nez G\u00f3mez (Experto UE).<\/p>\n<p>Presentaci\u00f3n de iniciativas nacionales y provinciales con la participaci\u00f3n de la Lic. Elida Rechi (Secretar\u00eda de Ciencia y Tecnolog\u00eda &#8211; Agencia de Innovaci\u00f3n TDF).<\/p>\n<p>Espacio de trabajo para identificar desaf\u00edos y oportunidades locales.<\/p>\n<p>&#8211; 11:45 &#8211; 13:15 &#8211; Mesa 2: Dise\u00f1o de casos de uso y compromisos verificables:<\/p>\n<p>Sesi\u00f3n a cargo de Stefano Quintarelli (Senior Advisor CEPS y ex miembro del Parlamento Italiano), enfocada en experiencias europeas sobre datos abiertos, transparencia e interoperabilidad.<\/p>\n<p>&#8211; 15:00 &#8211; 16:30 &#8211; Mesa 3: Gobierno Abierto hacia 2030\/2040:<\/p>\n<p>Exploraci\u00f3n del futuro del GovTech y hoja de ruta con Cecilia Danesi y Gianluca Misuraca.<\/p>\n<p>Presentaci\u00f3n del portal de datos abiertos y conclusiones finales.<\/p>\n","protected":false},"excerpt":{"rendered":"<p>El Gobierno de Tierra del Fuego AIAS, a trav\u00e9s de la Secretar\u00eda de Ciencia y&#8230;<\/p>\n","protected":false},"author":1,"featured_media":60759,"comment_status":"closed","ping_status":"closed","sticky":false,"template":"","format":"standard","meta":{"footnotes":""},"categories":[3],"tags":[],"class_list":["post-60758","post","type-post","status-publish","format-standard","has-post-thumbnail","hentry","category-noticias"],"jetpack_featured_media_url":"https:\/\/hablemosclarotdf.com.ar\/wp-content\/uploads\/2025\/12\/photo_2025-12-04_14-33-42.jpg","_links":{"self":[{"href":"https:\/\/hablemosclarotdf.com.ar\/index.php?rest_route=\/wp\/v2\/posts\/60758","targetHints":{"allow":["GET"]}}],"collection":[{"href":"https:\/\/hablemosclarotdf.com.ar\/index.php?rest_route=\/wp\/v2\/posts"}],"about":[{"href":"https:\/\/hablemosclarotdf.com.ar\/index.php?rest_route=\/wp\/v2\/types\/post"}],"author":[{"embeddable":true,"href":"https:\/\/hablemosclarotdf.com.ar\/index.php?rest_route=\/wp\/v2\/users\/1"}],"replies":[{"embeddable":true,"href":"https:\/\/hablemosclarotdf.com.ar\/index.php?rest_route=%2Fwp%2Fv2%2Fcomments&post=60758"}],"version-history":[{"count":1,"href":"https:\/\/hablemosclarotdf.com.ar\/index.php?rest_route=\/wp\/v2\/posts\/60758\/revisions"}],"predecessor-version":[{"id":60760,"href":"https:\/\/hablemosclarotdf.com.ar\/index.php?rest_route=\/wp\/v2\/posts\/60758\/revisions\/60760"}],"wp:featuredmedia":[{"embeddable":true,"href":"https:\/\/hablemosclarotdf.com.ar\/index.php?rest_route=\/wp\/v2\/media\/60759"}],"wp:attachment":[{"href":"https:\/\/hablemosclarotdf.com.ar\/index.php?rest_route=%2Fwp%2Fv2%2Fmedia&parent=60758"}],"wp:term":[{"taxonomy":"category","embeddable":true,"href":"https:\/\/hablemosclarotdf.com.ar\/index.php?rest_route=%2Fwp%2Fv2%2Fcategories&post=60758"},{"taxonomy":"post_tag","embeddable":true,"href":"https:\/\/hablemosclarotdf.com.ar\/index.php?rest_route=%2Fwp%2Fv2%2Ftags&post=60758"}],"curies":[{"name":"wp","href":"https:\/\/api.w.org\/{rel}","templated":true}]}}