{"id":60716,"date":"2025-12-04T11:06:32","date_gmt":"2025-12-04T14:06:32","guid":{"rendered":"https:\/\/hablemosclarotdf.com.ar\/?p=60716"},"modified":"2025-12-04T11:06:32","modified_gmt":"2025-12-04T14:06:32","slug":"mas-de-110-personas-mayores-participaron-de-un-encuentro-provincial-que-celebro-la-integracion-el-bienestar-y-la-comunidad","status":"publish","type":"post","link":"https:\/\/hablemosclarotdf.com.ar\/?p=60716","title":{"rendered":"M\u00c1S DE 110 PERSONAS MAYORES PARTICIPARON DE UN ENCUENTRO PROVINCIAL QUE CELEBR\u00d3 LA INTEGRACI\u00d3N, EL BIENESTAR Y LA COMUNIDAD"},"content":{"rendered":"<p>M\u00e1s de 110 personas mayores de Ushuaia, Tolhuin y R\u00edo Grande fueron parte de una jornada recreativa organizada por el Gobierno Provincial en un trabajo conjunto entre la Subecretar\u00eda de Adulto Mayor y la Secretar\u00eda de Abordaje Territorial.<\/p>\n<p>La propuesta se suma a las acciones sostenidas durante todo el a\u00f1o para promover espacios de encuentro, participaci\u00f3n activa y acompa\u00f1amiento integral. En esta oportunidad, la jornada reuni\u00f3 a grupos de toda la provincia en un ambiente c\u00e1lido, cuidado y pensado para fortalecer la socializaci\u00f3n, el disfrute y la construcci\u00f3n de comunidad.<\/p>\n<p>Hubo momentos compartidos de charlas, recreaci\u00f3n y descanso, pero, sobre todo, hubo emoci\u00f3n. Muchos de los participantes destacaron la importancia de contar con estas propuestas que los integren de manera real y constante.<\/p>\n<p>Estas iniciativas buscan garantizar que las personas mayores puedan acceder a propuestas que valoren su trayectoria, su identidad y su rol en la comunidad. Cada encuentro es una oportunidad para acompa\u00f1ar, escuchar y construir v\u00ednculos que mejoren la calidad de vida y fortalezcan el tejido social en cada ciudad.<\/p>\n<p>El cierre de la jornada permitio que compartan vivencias, formen lazos y encuentren en la comunidad un sost\u00e9n afectivo y real. Un trabajo que el Gobierno provincial seguir\u00e1 impulsando para que cada vez m\u00e1s personas mayores se sientan acompa\u00f1adas, integradas y protagonistas de su propia historia.<\/p>\n<p><img loading=\"lazy\" decoding=\"async\" class=\"alignnone size-medium wp-image-60718\" src=\"https:\/\/hablemosclarotdf.com.ar\/wp-content\/uploads\/2025\/12\/photo_2025-12-04_11-04-41-300x200.jpg\" alt=\"\" width=\"300\" height=\"200\" srcset=\"https:\/\/hablemosclarotdf.com.ar\/wp-content\/uploads\/2025\/12\/photo_2025-12-04_11-04-41-300x200.jpg 300w, https:\/\/hablemosclarotdf.com.ar\/wp-content\/uploads\/2025\/12\/photo_2025-12-04_11-04-41-1024x684.jpg 1024w, https:\/\/hablemosclarotdf.com.ar\/wp-content\/uploads\/2025\/12\/photo_2025-12-04_11-04-41-768x513.jpg 768w, https:\/\/hablemosclarotdf.com.ar\/wp-content\/uploads\/2025\/12\/photo_2025-12-04_11-04-41.jpg 1280w\" sizes=\"auto, (max-width: 300px) 100vw, 300px\" \/> <img loading=\"lazy\" decoding=\"async\" class=\"alignnone size-medium wp-image-60719\" src=\"https:\/\/hablemosclarotdf.com.ar\/wp-content\/uploads\/2025\/12\/photo_2025-12-04_11-04-45-300x200.jpg\" alt=\"\" width=\"300\" height=\"200\" srcset=\"https:\/\/hablemosclarotdf.com.ar\/wp-content\/uploads\/2025\/12\/photo_2025-12-04_11-04-45-300x200.jpg 300w, https:\/\/hablemosclarotdf.com.ar\/wp-content\/uploads\/2025\/12\/photo_2025-12-04_11-04-45-1024x684.jpg 1024w, https:\/\/hablemosclarotdf.com.ar\/wp-content\/uploads\/2025\/12\/photo_2025-12-04_11-04-45-768x513.jpg 768w, https:\/\/hablemosclarotdf.com.ar\/wp-content\/uploads\/2025\/12\/photo_2025-12-04_11-04-45.jpg 1280w\" sizes=\"auto, (max-width: 300px) 100vw, 300px\" \/> <img loading=\"lazy\" decoding=\"async\" class=\"alignnone size-medium wp-image-60720\" src=\"https:\/\/hablemosclarotdf.com.ar\/wp-content\/uploads\/2025\/12\/photo_2025-12-04_11-04-49-300x200.jpg\" alt=\"\" width=\"300\" height=\"200\" srcset=\"https:\/\/hablemosclarotdf.com.ar\/wp-content\/uploads\/2025\/12\/photo_2025-12-04_11-04-49-300x200.jpg 300w, https:\/\/hablemosclarotdf.com.ar\/wp-content\/uploads\/2025\/12\/photo_2025-12-04_11-04-49-1024x684.jpg 1024w, https:\/\/hablemosclarotdf.com.ar\/wp-content\/uploads\/2025\/12\/photo_2025-12-04_11-04-49-768x513.jpg 768w, https:\/\/hablemosclarotdf.com.ar\/wp-content\/uploads\/2025\/12\/photo_2025-12-04_11-04-49.jpg 1280w\" sizes=\"auto, (max-width: 300px) 100vw, 300px\" \/> <img loading=\"lazy\" decoding=\"async\" class=\"alignnone size-medium wp-image-60721\" src=\"https:\/\/hablemosclarotdf.com.ar\/wp-content\/uploads\/2025\/12\/photo_2025-12-04_11-04-54-300x200.jpg\" alt=\"\" width=\"300\" height=\"200\" srcset=\"https:\/\/hablemosclarotdf.com.ar\/wp-content\/uploads\/2025\/12\/photo_2025-12-04_11-04-54-300x200.jpg 300w, https:\/\/hablemosclarotdf.com.ar\/wp-content\/uploads\/2025\/12\/photo_2025-12-04_11-04-54-1024x684.jpg 1024w, https:\/\/hablemosclarotdf.com.ar\/wp-content\/uploads\/2025\/12\/photo_2025-12-04_11-04-54-768x513.jpg 768w, https:\/\/hablemosclarotdf.com.ar\/wp-content\/uploads\/2025\/12\/photo_2025-12-04_11-04-54.jpg 1280w\" sizes=\"auto, (max-width: 300px) 100vw, 300px\" \/><\/p>\n","protected":false},"excerpt":{"rendered":"<p>M\u00e1s de 110 personas mayores de Ushuaia, Tolhuin y R\u00edo Grande fueron parte de una&#8230;<\/p>\n","protected":false},"author":1,"featured_media":60717,"comment_status":"closed","ping_status":"closed","sticky":false,"template":"","format":"standard","meta":{"footnotes":""},"categories":[3],"tags":[],"class_list":["post-60716","post","type-post","status-publish","format-standard","has-post-thumbnail","hentry","category-noticias"],"jetpack_featured_media_url":"https:\/\/hablemosclarotdf.com.ar\/wp-content\/uploads\/2025\/12\/photo_2025-12-04_11-04-37.jpg","_links":{"self":[{"href":"https:\/\/hablemosclarotdf.com.ar\/index.php?rest_route=\/wp\/v2\/posts\/60716","targetHints":{"allow":["GET"]}}],"collection":[{"href":"https:\/\/hablemosclarotdf.com.ar\/index.php?rest_route=\/wp\/v2\/posts"}],"about":[{"href":"https:\/\/hablemosclarotdf.com.ar\/index.php?rest_route=\/wp\/v2\/types\/post"}],"author":[{"embeddable":true,"href":"https:\/\/hablemosclarotdf.com.ar\/index.php?rest_route=\/wp\/v2\/users\/1"}],"replies":[{"embeddable":true,"href":"https:\/\/hablemosclarotdf.com.ar\/index.php?rest_route=%2Fwp%2Fv2%2Fcomments&post=60716"}],"version-history":[{"count":1,"href":"https:\/\/hablemosclarotdf.com.ar\/index.php?rest_route=\/wp\/v2\/posts\/60716\/revisions"}],"predecessor-version":[{"id":60722,"href":"https:\/\/hablemosclarotdf.com.ar\/index.php?rest_route=\/wp\/v2\/posts\/60716\/revisions\/60722"}],"wp:featuredmedia":[{"embeddable":true,"href":"https:\/\/hablemosclarotdf.com.ar\/index.php?rest_route=\/wp\/v2\/media\/60717"}],"wp:attachment":[{"href":"https:\/\/hablemosclarotdf.com.ar\/index.php?rest_route=%2Fwp%2Fv2%2Fmedia&parent=60716"}],"wp:term":[{"taxonomy":"category","embeddable":true,"href":"https:\/\/hablemosclarotdf.com.ar\/index.php?rest_route=%2Fwp%2Fv2%2Fcategories&post=60716"},{"taxonomy":"post_tag","embeddable":true,"href":"https:\/\/hablemosclarotdf.com.ar\/index.php?rest_route=%2Fwp%2Fv2%2Ftags&post=60716"}],"curies":[{"name":"wp","href":"https:\/\/api.w.org\/{rel}","templated":true}]}}