{"id":60546,"date":"2025-12-02T20:30:24","date_gmt":"2025-12-02T23:30:24","guid":{"rendered":"https:\/\/hablemosclarotdf.com.ar\/?p=60546"},"modified":"2025-12-02T20:30:24","modified_gmt":"2025-12-02T23:30:24","slug":"ushuaia-el-municipio-de-ushuaia-naciones-unidas-y-ambiente-de-nacion-avanzan-en-la-implementacion-del-proyecto-ambiental-gef-7","status":"publish","type":"post","link":"https:\/\/hablemosclarotdf.com.ar\/?p=60546","title":{"rendered":"USHUAIA : EL MUNICIPIO DE USHUAIA, NACIONES UNIDAS Y AMBIENTE DE NACI\u00d3N AVANZAN EN LA IMPLEMENTACI\u00d3N DEL PROYECTO AMBIENTAL GEF 7"},"content":{"rendered":"<p>El secretario de Medio Ambiente y Desarrollo Sustentable de la Municipalidad de Ushuaia, David Ferreyra, y su par de Planificaci\u00f3n e Inversi\u00f3n P\u00fablica, Bel\u00e9n Borgna, recibieron a una delegaci\u00f3n del Programa de las Naciones Unidas para el Medio Ambiente (PNUMA) y de la Subsecretar\u00eda de Ambiente de la Naci\u00f3n, en el marco del seguimiento y planificaci\u00f3n del proyecto GEF 7: \u201cInversiones Integradas Bajas en Carbono y Conservaci\u00f3n en Ciudades Argentinas\u201d.<br \/>\nUshuaia, una de las ciudades elegidas a nivel nacional para implementar el GEF 7, se enfoca en intervenciones que promuevan la conservaci\u00f3n de la biodiversidad, la mitigaci\u00f3n del cambio clim\u00e1tico y la planificaci\u00f3n urbana integrada.<br \/>\nDurante el encuentro se validaron los lineamientos principales que guiar\u00e1n el desarrollo de Ushuaia hacia mediados de siglo, con foco en la integraci\u00f3n de criterios de biodiversidad y clima en la planificaci\u00f3n territorial.<br \/>\nTambi\u00e9n se avanz\u00f3 en la definici\u00f3n de los futuros proyectos a financiar que incluir\u00e1n iniciativas de eficiencia energ\u00e9tica, movilidad sostenible y gesti\u00f3n integrada de residuos con criterios de bajas emisiones de carbono.<br \/>\nAdem\u00e1s, se acordaron mecanismos para mejorar la coordinaci\u00f3n interjurisdiccional, asegurando que los objetivos internacionales de lucha contra el cambio clim\u00e1tico se implementen de manera efectiva a nivel local.<br \/>\nLa jornada concluy\u00f3 con el compromiso de mantener una agenda de trabajo intensiva y coordinada, reconociendo el papel de Ushuaia como un modelo de gesti\u00f3n integrada y sostenible en la regi\u00f3n austral.<br \/>\nFerreyra consider\u00f3 que \u201cla presencia del PNUMA y de Naci\u00f3n en Ushuaia es una clara se\u00f1al de la prioridad que le damos a la sostenibilidad\u201d, y valor\u00f3 que el programa GEF 7 \u201cnos permite acceder a herramientas de planificaci\u00f3n y financiaci\u00f3n \u00fanicas para proteger nuestros ecosistemas cr\u00edticos, como los turbales y bosques, y asegurar que nuestro crecimiento sea bajo en carbono y verdaderamente resiliente\u201d.<br \/>\nPor su parte, Borgna indic\u00f3 que \u201cel objetivo de la reuni\u00f3n fue consolidar la hoja de ruta y monitorear los avances locales de esta iniciativa global, que busca acelerar la transici\u00f3n hacia un desarrollo urbano sostenible y resiliente frente al cambio clim\u00e1tico en el fin del mundo\u201d.<\/p>\n<p><img loading=\"lazy\" decoding=\"async\" class=\"alignnone size-medium wp-image-60548\" src=\"https:\/\/hablemosclarotdf.com.ar\/wp-content\/uploads\/2025\/12\/photo_2025-12-02_20-28-24-300x200.jpg\" alt=\"\" width=\"300\" height=\"200\" srcset=\"https:\/\/hablemosclarotdf.com.ar\/wp-content\/uploads\/2025\/12\/photo_2025-12-02_20-28-24-300x200.jpg 300w, https:\/\/hablemosclarotdf.com.ar\/wp-content\/uploads\/2025\/12\/photo_2025-12-02_20-28-24-1024x682.jpg 1024w, https:\/\/hablemosclarotdf.com.ar\/wp-content\/uploads\/2025\/12\/photo_2025-12-02_20-28-24-768x512.jpg 768w, https:\/\/hablemosclarotdf.com.ar\/wp-content\/uploads\/2025\/12\/photo_2025-12-02_20-28-24.jpg 1280w\" sizes=\"auto, (max-width: 300px) 100vw, 300px\" \/> <img loading=\"lazy\" decoding=\"async\" class=\"alignnone size-medium wp-image-60549\" src=\"https:\/\/hablemosclarotdf.com.ar\/wp-content\/uploads\/2025\/12\/photo_2025-12-02_20-28-28-300x200.jpg\" alt=\"\" width=\"300\" height=\"200\" srcset=\"https:\/\/hablemosclarotdf.com.ar\/wp-content\/uploads\/2025\/12\/photo_2025-12-02_20-28-28-300x200.jpg 300w, https:\/\/hablemosclarotdf.com.ar\/wp-content\/uploads\/2025\/12\/photo_2025-12-02_20-28-28-1024x682.jpg 1024w, https:\/\/hablemosclarotdf.com.ar\/wp-content\/uploads\/2025\/12\/photo_2025-12-02_20-28-28-768x512.jpg 768w, https:\/\/hablemosclarotdf.com.ar\/wp-content\/uploads\/2025\/12\/photo_2025-12-02_20-28-28.jpg 1280w\" sizes=\"auto, (max-width: 300px) 100vw, 300px\" \/> <img loading=\"lazy\" decoding=\"async\" class=\"alignnone size-medium wp-image-60550\" src=\"https:\/\/hablemosclarotdf.com.ar\/wp-content\/uploads\/2025\/12\/photo_2025-12-02_20-28-37-300x200.jpg\" alt=\"\" width=\"300\" height=\"200\" srcset=\"https:\/\/hablemosclarotdf.com.ar\/wp-content\/uploads\/2025\/12\/photo_2025-12-02_20-28-37-300x200.jpg 300w, https:\/\/hablemosclarotdf.com.ar\/wp-content\/uploads\/2025\/12\/photo_2025-12-02_20-28-37-1024x682.jpg 1024w, https:\/\/hablemosclarotdf.com.ar\/wp-content\/uploads\/2025\/12\/photo_2025-12-02_20-28-37-768x512.jpg 768w, https:\/\/hablemosclarotdf.com.ar\/wp-content\/uploads\/2025\/12\/photo_2025-12-02_20-28-37.jpg 1280w\" sizes=\"auto, (max-width: 300px) 100vw, 300px\" \/> <img loading=\"lazy\" decoding=\"async\" class=\"alignnone size-medium wp-image-60551\" src=\"https:\/\/hablemosclarotdf.com.ar\/wp-content\/uploads\/2025\/12\/photo_2025-12-02_20-28-42-300x200.jpg\" alt=\"\" width=\"300\" height=\"200\" srcset=\"https:\/\/hablemosclarotdf.com.ar\/wp-content\/uploads\/2025\/12\/photo_2025-12-02_20-28-42-300x200.jpg 300w, https:\/\/hablemosclarotdf.com.ar\/wp-content\/uploads\/2025\/12\/photo_2025-12-02_20-28-42-1024x682.jpg 1024w, https:\/\/hablemosclarotdf.com.ar\/wp-content\/uploads\/2025\/12\/photo_2025-12-02_20-28-42-768x512.jpg 768w, https:\/\/hablemosclarotdf.com.ar\/wp-content\/uploads\/2025\/12\/photo_2025-12-02_20-28-42.jpg 1280w\" sizes=\"auto, (max-width: 300px) 100vw, 300px\" \/> <img loading=\"lazy\" decoding=\"async\" class=\"alignnone size-medium wp-image-60552\" src=\"https:\/\/hablemosclarotdf.com.ar\/wp-content\/uploads\/2025\/12\/photo_2025-12-02_20-28-46-300x200.jpg\" alt=\"\" width=\"300\" height=\"200\" srcset=\"https:\/\/hablemosclarotdf.com.ar\/wp-content\/uploads\/2025\/12\/photo_2025-12-02_20-28-46-300x200.jpg 300w, https:\/\/hablemosclarotdf.com.ar\/wp-content\/uploads\/2025\/12\/photo_2025-12-02_20-28-46-1024x682.jpg 1024w, https:\/\/hablemosclarotdf.com.ar\/wp-content\/uploads\/2025\/12\/photo_2025-12-02_20-28-46-768x512.jpg 768w, https:\/\/hablemosclarotdf.com.ar\/wp-content\/uploads\/2025\/12\/photo_2025-12-02_20-28-46.jpg 1280w\" sizes=\"auto, (max-width: 300px) 100vw, 300px\" \/> <img loading=\"lazy\" decoding=\"async\" class=\"alignnone size-medium wp-image-60553\" src=\"https:\/\/hablemosclarotdf.com.ar\/wp-content\/uploads\/2025\/12\/photo_2025-12-02_20-28-51-300x200.jpg\" alt=\"\" width=\"300\" height=\"200\" srcset=\"https:\/\/hablemosclarotdf.com.ar\/wp-content\/uploads\/2025\/12\/photo_2025-12-02_20-28-51-300x200.jpg 300w, https:\/\/hablemosclarotdf.com.ar\/wp-content\/uploads\/2025\/12\/photo_2025-12-02_20-28-51-1024x682.jpg 1024w, https:\/\/hablemosclarotdf.com.ar\/wp-content\/uploads\/2025\/12\/photo_2025-12-02_20-28-51-768x512.jpg 768w, https:\/\/hablemosclarotdf.com.ar\/wp-content\/uploads\/2025\/12\/photo_2025-12-02_20-28-51.jpg 1280w\" sizes=\"auto, (max-width: 300px) 100vw, 300px\" \/> <img loading=\"lazy\" decoding=\"async\" class=\"alignnone size-medium wp-image-60554\" src=\"https:\/\/hablemosclarotdf.com.ar\/wp-content\/uploads\/2025\/12\/photo_2025-12-02_20-28-55-300x200.jpg\" alt=\"\" width=\"300\" height=\"200\" srcset=\"https:\/\/hablemosclarotdf.com.ar\/wp-content\/uploads\/2025\/12\/photo_2025-12-02_20-28-55-300x200.jpg 300w, https:\/\/hablemosclarotdf.com.ar\/wp-content\/uploads\/2025\/12\/photo_2025-12-02_20-28-55-1024x682.jpg 1024w, https:\/\/hablemosclarotdf.com.ar\/wp-content\/uploads\/2025\/12\/photo_2025-12-02_20-28-55-768x512.jpg 768w, https:\/\/hablemosclarotdf.com.ar\/wp-content\/uploads\/2025\/12\/photo_2025-12-02_20-28-55.jpg 1280w\" sizes=\"auto, (max-width: 300px) 100vw, 300px\" \/> <img loading=\"lazy\" decoding=\"async\" class=\"alignnone size-medium wp-image-60555\" src=\"https:\/\/hablemosclarotdf.com.ar\/wp-content\/uploads\/2025\/12\/photo_2025-12-02_20-28-59-300x200.jpg\" alt=\"\" width=\"300\" height=\"200\" srcset=\"https:\/\/hablemosclarotdf.com.ar\/wp-content\/uploads\/2025\/12\/photo_2025-12-02_20-28-59-300x200.jpg 300w, https:\/\/hablemosclarotdf.com.ar\/wp-content\/uploads\/2025\/12\/photo_2025-12-02_20-28-59-1024x682.jpg 1024w, https:\/\/hablemosclarotdf.com.ar\/wp-content\/uploads\/2025\/12\/photo_2025-12-02_20-28-59-768x512.jpg 768w, https:\/\/hablemosclarotdf.com.ar\/wp-content\/uploads\/2025\/12\/photo_2025-12-02_20-28-59.jpg 1280w\" sizes=\"auto, (max-width: 300px) 100vw, 300px\" \/><\/p>\n","protected":false},"excerpt":{"rendered":"<p>El secretario de Medio Ambiente y Desarrollo Sustentable de la Municipalidad de Ushuaia, David Ferreyra,&#8230;<\/p>\n","protected":false},"author":1,"featured_media":60547,"comment_status":"closed","ping_status":"closed","sticky":false,"template":"","format":"standard","meta":{"footnotes":""},"categories":[3],"tags":[],"class_list":["post-60546","post","type-post","status-publish","format-standard","has-post-thumbnail","hentry","category-noticias"],"jetpack_featured_media_url":"https:\/\/hablemosclarotdf.com.ar\/wp-content\/uploads\/2025\/12\/photo_2025-12-02_20-28-20.jpg","_links":{"self":[{"href":"https:\/\/hablemosclarotdf.com.ar\/index.php?rest_route=\/wp\/v2\/posts\/60546","targetHints":{"allow":["GET"]}}],"collection":[{"href":"https:\/\/hablemosclarotdf.com.ar\/index.php?rest_route=\/wp\/v2\/posts"}],"about":[{"href":"https:\/\/hablemosclarotdf.com.ar\/index.php?rest_route=\/wp\/v2\/types\/post"}],"author":[{"embeddable":true,"href":"https:\/\/hablemosclarotdf.com.ar\/index.php?rest_route=\/wp\/v2\/users\/1"}],"replies":[{"embeddable":true,"href":"https:\/\/hablemosclarotdf.com.ar\/index.php?rest_route=%2Fwp%2Fv2%2Fcomments&post=60546"}],"version-history":[{"count":1,"href":"https:\/\/hablemosclarotdf.com.ar\/index.php?rest_route=\/wp\/v2\/posts\/60546\/revisions"}],"predecessor-version":[{"id":60556,"href":"https:\/\/hablemosclarotdf.com.ar\/index.php?rest_route=\/wp\/v2\/posts\/60546\/revisions\/60556"}],"wp:featuredmedia":[{"embeddable":true,"href":"https:\/\/hablemosclarotdf.com.ar\/index.php?rest_route=\/wp\/v2\/media\/60547"}],"wp:attachment":[{"href":"https:\/\/hablemosclarotdf.com.ar\/index.php?rest_route=%2Fwp%2Fv2%2Fmedia&parent=60546"}],"wp:term":[{"taxonomy":"category","embeddable":true,"href":"https:\/\/hablemosclarotdf.com.ar\/index.php?rest_route=%2Fwp%2Fv2%2Fcategories&post=60546"},{"taxonomy":"post_tag","embeddable":true,"href":"https:\/\/hablemosclarotdf.com.ar\/index.php?rest_route=%2Fwp%2Fv2%2Ftags&post=60546"}],"curies":[{"name":"wp","href":"https:\/\/api.w.org\/{rel}","templated":true}]}}