{"id":60492,"date":"2025-12-02T19:58:21","date_gmt":"2025-12-02T22:58:21","guid":{"rendered":"https:\/\/hablemosclarotdf.com.ar\/?p=60492"},"modified":"2025-12-02T19:58:21","modified_gmt":"2025-12-02T22:58:21","slug":"ushuaia-las-escuelas-municipales-de-deportes-regionales-realizaron-su-cierre-anual-en-la-laguna-victoria","status":"publish","type":"post","link":"https:\/\/hablemosclarotdf.com.ar\/?p=60492","title":{"rendered":"USHUAIA : LAS ESCUELAS MUNICIPALES DE DEPORTES REGIONALES REALIZARON SU CIERRE ANUAL EN LA LAGUNA VICTORIA"},"content":{"rendered":"<p>Las Escuelas Municipales de Deportes Regionales llevaron adelante, durante el fin de semana, el tradicional campamento de cierre anual de actividades en la zona de Laguna Victoria, sobre la ruta provincial J.<br \/>\nEl d\u00eda viernes, las familias acompa\u00f1aron a sus hijos e hijas hasta el sector de acampe, donde las y los participantes de las Escuelas Municipales de Monta\u00f1a, Escalada y Kayak realizaron el reconocimiento del lugar, instalaron las carpas y organizaron el campamento.<br \/>\nPosteriormente, se dividieron en dos grupos para desarrollar las actividades programadas: kayak, trekking y escalada en roca. La primera jornada concluy\u00f3 con una hamburgueseada compartida.<br \/>\nEl s\u00e1bado, luego del desayuno, continu\u00f3 la segunda etapa del cronograma, garantizando que todos y todas pudieran participar de cada una de las propuestas.<br \/>\nLa vicepresidenta del Instituto Municipal de Deportes, Carla Petrina, expres\u00f3 el agradecimiento \u201ca los profesores y profesoras de Deporte Regional por hacer posible esta actividad tan importante para cerrar el ciclo 2025 de las escuelas deportivas&#8221;.<br \/>\nAsimismo, agreg\u00f3 que &#8220;tambi\u00e9n es importante el rol de las familias por acompa\u00f1ar a sus hijos e hijas en esta despedida de a\u00f1o; estas propuestas no s\u00f3lo permiten poner en pr\u00e1ctica lo aprendido, sino tambi\u00e9n fortalecer los lazos&#8221;.<\/p>\n<p><img loading=\"lazy\" decoding=\"async\" class=\"alignnone size-medium wp-image-60494\" src=\"https:\/\/hablemosclarotdf.com.ar\/wp-content\/uploads\/2025\/12\/photo_2025-12-02_19-57-12-169x300.jpg\" alt=\"\" width=\"169\" height=\"300\" srcset=\"https:\/\/hablemosclarotdf.com.ar\/wp-content\/uploads\/2025\/12\/photo_2025-12-02_19-57-12-169x300.jpg 169w, https:\/\/hablemosclarotdf.com.ar\/wp-content\/uploads\/2025\/12\/photo_2025-12-02_19-57-12-576x1024.jpg 576w, https:\/\/hablemosclarotdf.com.ar\/wp-content\/uploads\/2025\/12\/photo_2025-12-02_19-57-12.jpg 720w\" sizes=\"auto, (max-width: 169px) 100vw, 169px\" \/> <img loading=\"lazy\" decoding=\"async\" class=\"alignnone size-medium wp-image-60495\" src=\"https:\/\/hablemosclarotdf.com.ar\/wp-content\/uploads\/2025\/12\/photo_2025-12-02_19-57-15-300x225.jpg\" alt=\"\" width=\"300\" height=\"225\" srcset=\"https:\/\/hablemosclarotdf.com.ar\/wp-content\/uploads\/2025\/12\/photo_2025-12-02_19-57-15-300x225.jpg 300w, https:\/\/hablemosclarotdf.com.ar\/wp-content\/uploads\/2025\/12\/photo_2025-12-02_19-57-15-1024x768.jpg 1024w, https:\/\/hablemosclarotdf.com.ar\/wp-content\/uploads\/2025\/12\/photo_2025-12-02_19-57-15-768x576.jpg 768w, https:\/\/hablemosclarotdf.com.ar\/wp-content\/uploads\/2025\/12\/photo_2025-12-02_19-57-15.jpg 1280w\" sizes=\"auto, (max-width: 300px) 100vw, 300px\" \/> <img loading=\"lazy\" decoding=\"async\" class=\"alignnone size-medium wp-image-60496\" src=\"https:\/\/hablemosclarotdf.com.ar\/wp-content\/uploads\/2025\/12\/photo_2025-12-02_19-57-20-300x225.jpg\" alt=\"\" width=\"300\" height=\"225\" srcset=\"https:\/\/hablemosclarotdf.com.ar\/wp-content\/uploads\/2025\/12\/photo_2025-12-02_19-57-20-300x225.jpg 300w, https:\/\/hablemosclarotdf.com.ar\/wp-content\/uploads\/2025\/12\/photo_2025-12-02_19-57-20-1024x768.jpg 1024w, https:\/\/hablemosclarotdf.com.ar\/wp-content\/uploads\/2025\/12\/photo_2025-12-02_19-57-20-768x576.jpg 768w, https:\/\/hablemosclarotdf.com.ar\/wp-content\/uploads\/2025\/12\/photo_2025-12-02_19-57-20.jpg 1280w\" sizes=\"auto, (max-width: 300px) 100vw, 300px\" \/><\/p>\n","protected":false},"excerpt":{"rendered":"<p>Las Escuelas Municipales de Deportes Regionales llevaron adelante, durante el fin de semana, el tradicional&#8230;<\/p>\n","protected":false},"author":1,"featured_media":60493,"comment_status":"closed","ping_status":"closed","sticky":false,"template":"","format":"standard","meta":{"footnotes":""},"categories":[3],"tags":[],"class_list":["post-60492","post","type-post","status-publish","format-standard","has-post-thumbnail","hentry","category-noticias"],"jetpack_featured_media_url":"https:\/\/hablemosclarotdf.com.ar\/wp-content\/uploads\/2025\/12\/photo_2025-12-02_19-57-02.jpg","_links":{"self":[{"href":"https:\/\/hablemosclarotdf.com.ar\/index.php?rest_route=\/wp\/v2\/posts\/60492","targetHints":{"allow":["GET"]}}],"collection":[{"href":"https:\/\/hablemosclarotdf.com.ar\/index.php?rest_route=\/wp\/v2\/posts"}],"about":[{"href":"https:\/\/hablemosclarotdf.com.ar\/index.php?rest_route=\/wp\/v2\/types\/post"}],"author":[{"embeddable":true,"href":"https:\/\/hablemosclarotdf.com.ar\/index.php?rest_route=\/wp\/v2\/users\/1"}],"replies":[{"embeddable":true,"href":"https:\/\/hablemosclarotdf.com.ar\/index.php?rest_route=%2Fwp%2Fv2%2Fcomments&post=60492"}],"version-history":[{"count":1,"href":"https:\/\/hablemosclarotdf.com.ar\/index.php?rest_route=\/wp\/v2\/posts\/60492\/revisions"}],"predecessor-version":[{"id":60497,"href":"https:\/\/hablemosclarotdf.com.ar\/index.php?rest_route=\/wp\/v2\/posts\/60492\/revisions\/60497"}],"wp:featuredmedia":[{"embeddable":true,"href":"https:\/\/hablemosclarotdf.com.ar\/index.php?rest_route=\/wp\/v2\/media\/60493"}],"wp:attachment":[{"href":"https:\/\/hablemosclarotdf.com.ar\/index.php?rest_route=%2Fwp%2Fv2%2Fmedia&parent=60492"}],"wp:term":[{"taxonomy":"category","embeddable":true,"href":"https:\/\/hablemosclarotdf.com.ar\/index.php?rest_route=%2Fwp%2Fv2%2Fcategories&post=60492"},{"taxonomy":"post_tag","embeddable":true,"href":"https:\/\/hablemosclarotdf.com.ar\/index.php?rest_route=%2Fwp%2Fv2%2Ftags&post=60492"}],"curies":[{"name":"wp","href":"https:\/\/api.w.org\/{rel}","templated":true}]}}