{"id":60486,"date":"2025-12-02T19:55:44","date_gmt":"2025-12-02T22:55:44","guid":{"rendered":"https:\/\/hablemosclarotdf.com.ar\/?p=60486"},"modified":"2025-12-02T19:55:44","modified_gmt":"2025-12-02T22:55:44","slug":"ushuaia-la-municipalidad-lanza-el-concurso-vivi-la-navidad-2025-para-hogares-y-comercios-de-la-ciudad","status":"publish","type":"post","link":"https:\/\/hablemosclarotdf.com.ar\/?p=60486","title":{"rendered":"USHUAIA : LA MUNICIPALIDAD  LANZA EL CONCURSO \u201cVIV\u00cd LA NAVIDAD 2025\u201d PARA HOGARES Y COMERCIOS DE LA CIUDAD"},"content":{"rendered":"<p>La Municipalidad de Ushuaia, a trav\u00e9s de las secretar\u00edas de Pol\u00edticas Sociales, Sanitarias y Derechos Humanos, y de Cultura y Educaci\u00f3n, anunci\u00f3 la realizaci\u00f3n del concurso \u201cViv\u00ed la Navidad 2025\u201d, propuesta que invita a vecinos y comercios de la ciudad a ornamentar el frente de sus viviendas y de sus vidrieras para celebrar de manera colectiva el esp\u00edritu festivo.<br \/>\nLos interesados en participar podr\u00e1n inscribirse del 2 al 7 de diciembre en el link https:\/\/inscripciones.website\/concurso-vivi-la-navidad-2025\/ disponible en las redes oficiales de la Municipalidad de Ushuaia, @culturayeducacionush y @politicas.sociales.ush.<br \/>\nEn la Categor\u00eda Hogares las vecinas y vecinos podr\u00e1n adornar sus viviendas con decoraci\u00f3n navide\u00f1a, y los 10 finalistas participar\u00e1n en una votaci\u00f3n abierta a trav\u00e9s de redes sociales. El premio para el ganador ser\u00e1n dos pasajes a\u00e9reos ida y vuelta a Buenos Aires, para el segundo lugar un cordero y bebidas, y para quien ocupe el tercer lugar una canasta navide\u00f1a.<br \/>\nEn la Categor\u00eda Comercios podr\u00e1n participar locales comerciales y de servicios que decoren vidrieras o frentes con tem\u00e1tica navide\u00f1a. Tambi\u00e9n habr\u00e1 una preselecci\u00f3n y posteriormente una votaci\u00f3n p\u00fablica entre los 10 finalistas.<br \/>\nEl premio para el primer lugar ser\u00e1 el subsidio del 100% de la tasa comercial por 12 meses, para el segundo el subsidio del 100% durante 9 meses y para el tercero el subsidio del 100% durante 6 meses.<br \/>\nLos ganadores de ambas categor\u00edas ser\u00e1n anunciados el 21 de diciembre durante los festejos del D\u00eda M\u00e1s Largo.<br \/>\nLa secretaria de Pol\u00edticas Sociales, Sanitarias y Derechos Humanos, Yanira Mart\u00ednez, destac\u00f3 el \u201cvalor comunitario de esta iniciativa\u201d, y agreg\u00f3 que \u201cqueremos que hogares y comercios sean parte del esp\u00edritu navide\u00f1o que vive la ciudad\u201d.<br \/>\n\u201cEsta propuesta convoca a compartir, a encontrarnos y a llenar de creatividad nuestros barrios; cada espacio puede aportar luz, identidad y alegr\u00eda a estas fiestas que re\u00fanen a toda la comunidad\u201d, valor\u00f3.<br \/>\nPor su parte, la responsable del \u00e1rea de Cultura y Educaci\u00f3n, Bel\u00e9n Molina, sostuvo que \u201cnos entusiasma impulsar un concurso que atraviesa a toda la ciudad, desde las familias hasta quienes trabajan y emprenden\u201d, por lo que \u201cViv\u00ed la Navidad\u201d permitir\u00e1 \u201cfortalecer la participaci\u00f3n, embellecer los espacios p\u00fablicos y vivir estas fechas con arte e identidad local\u201d.<\/p>\n<p><img loading=\"lazy\" decoding=\"async\" class=\"alignnone size-medium wp-image-60488\" src=\"https:\/\/hablemosclarotdf.com.ar\/wp-content\/uploads\/2025\/12\/photo_2025-12-02_19-54-04-169x300.jpg\" alt=\"\" width=\"169\" height=\"300\" srcset=\"https:\/\/hablemosclarotdf.com.ar\/wp-content\/uploads\/2025\/12\/photo_2025-12-02_19-54-04-169x300.jpg 169w, https:\/\/hablemosclarotdf.com.ar\/wp-content\/uploads\/2025\/12\/photo_2025-12-02_19-54-04-576x1024.jpg 576w, https:\/\/hablemosclarotdf.com.ar\/wp-content\/uploads\/2025\/12\/photo_2025-12-02_19-54-04.jpg 720w\" sizes=\"auto, (max-width: 169px) 100vw, 169px\" \/> <img loading=\"lazy\" decoding=\"async\" class=\"alignnone size-medium wp-image-60489\" src=\"https:\/\/hablemosclarotdf.com.ar\/wp-content\/uploads\/2025\/12\/photo_2025-12-02_19-54-09-240x300.jpg\" alt=\"\" width=\"240\" height=\"300\" srcset=\"https:\/\/hablemosclarotdf.com.ar\/wp-content\/uploads\/2025\/12\/photo_2025-12-02_19-54-09-240x300.jpg 240w, https:\/\/hablemosclarotdf.com.ar\/wp-content\/uploads\/2025\/12\/photo_2025-12-02_19-54-09-818x1024.jpg 818w, https:\/\/hablemosclarotdf.com.ar\/wp-content\/uploads\/2025\/12\/photo_2025-12-02_19-54-09-768x961.jpg 768w, https:\/\/hablemosclarotdf.com.ar\/wp-content\/uploads\/2025\/12\/photo_2025-12-02_19-54-09.jpg 1023w\" sizes=\"auto, (max-width: 240px) 100vw, 240px\" \/> <img loading=\"lazy\" decoding=\"async\" class=\"alignnone size-medium wp-image-60490\" src=\"https:\/\/hablemosclarotdf.com.ar\/wp-content\/uploads\/2025\/12\/photo_2025-12-02_19-54-21-169x300.jpg\" alt=\"\" width=\"169\" height=\"300\" srcset=\"https:\/\/hablemosclarotdf.com.ar\/wp-content\/uploads\/2025\/12\/photo_2025-12-02_19-54-21-169x300.jpg 169w, https:\/\/hablemosclarotdf.com.ar\/wp-content\/uploads\/2025\/12\/photo_2025-12-02_19-54-21-576x1024.jpg 576w, https:\/\/hablemosclarotdf.com.ar\/wp-content\/uploads\/2025\/12\/photo_2025-12-02_19-54-21.jpg 720w\" sizes=\"auto, (max-width: 169px) 100vw, 169px\" \/><\/p>\n","protected":false},"excerpt":{"rendered":"<p>La Municipalidad de Ushuaia, a trav\u00e9s de las secretar\u00edas de Pol\u00edticas Sociales, Sanitarias y Derechos&#8230;<\/p>\n","protected":false},"author":1,"featured_media":60487,"comment_status":"closed","ping_status":"closed","sticky":false,"template":"","format":"standard","meta":{"footnotes":""},"categories":[3],"tags":[],"class_list":["post-60486","post","type-post","status-publish","format-standard","has-post-thumbnail","hentry","category-noticias"],"jetpack_featured_media_url":"https:\/\/hablemosclarotdf.com.ar\/wp-content\/uploads\/2025\/12\/photo_2025-12-02_19-54-00.jpg","_links":{"self":[{"href":"https:\/\/hablemosclarotdf.com.ar\/index.php?rest_route=\/wp\/v2\/posts\/60486","targetHints":{"allow":["GET"]}}],"collection":[{"href":"https:\/\/hablemosclarotdf.com.ar\/index.php?rest_route=\/wp\/v2\/posts"}],"about":[{"href":"https:\/\/hablemosclarotdf.com.ar\/index.php?rest_route=\/wp\/v2\/types\/post"}],"author":[{"embeddable":true,"href":"https:\/\/hablemosclarotdf.com.ar\/index.php?rest_route=\/wp\/v2\/users\/1"}],"replies":[{"embeddable":true,"href":"https:\/\/hablemosclarotdf.com.ar\/index.php?rest_route=%2Fwp%2Fv2%2Fcomments&post=60486"}],"version-history":[{"count":1,"href":"https:\/\/hablemosclarotdf.com.ar\/index.php?rest_route=\/wp\/v2\/posts\/60486\/revisions"}],"predecessor-version":[{"id":60491,"href":"https:\/\/hablemosclarotdf.com.ar\/index.php?rest_route=\/wp\/v2\/posts\/60486\/revisions\/60491"}],"wp:featuredmedia":[{"embeddable":true,"href":"https:\/\/hablemosclarotdf.com.ar\/index.php?rest_route=\/wp\/v2\/media\/60487"}],"wp:attachment":[{"href":"https:\/\/hablemosclarotdf.com.ar\/index.php?rest_route=%2Fwp%2Fv2%2Fmedia&parent=60486"}],"wp:term":[{"taxonomy":"category","embeddable":true,"href":"https:\/\/hablemosclarotdf.com.ar\/index.php?rest_route=%2Fwp%2Fv2%2Fcategories&post=60486"},{"taxonomy":"post_tag","embeddable":true,"href":"https:\/\/hablemosclarotdf.com.ar\/index.php?rest_route=%2Fwp%2Fv2%2Ftags&post=60486"}],"curies":[{"name":"wp","href":"https:\/\/api.w.org\/{rel}","templated":true}]}}