{"id":60462,"date":"2025-12-02T12:03:09","date_gmt":"2025-12-02T15:03:09","guid":{"rendered":"https:\/\/hablemosclarotdf.com.ar\/?p=60462"},"modified":"2025-12-02T12:03:09","modified_gmt":"2025-12-02T15:03:09","slug":"este-miercoles-se-hara-la-presentacion-de-los-seleccionados-que-representaran-a-tierra-del-fuego-en-los-juegos-binacionales-de-la-araucania","status":"publish","type":"post","link":"https:\/\/hablemosclarotdf.com.ar\/?p=60462","title":{"rendered":"ESTE MI\u00c9RCOLES SE HAR\u00c1 LA PRESENTACI\u00d3N DE LOS SELECCIONADOS QUE REPRESENTAR\u00c1N A TIERRA DEL FUEGO EN LOS JUEGOS BINACIONALES DE LA ARAUCAN\u00cdA"},"content":{"rendered":"<p>Este mi\u00e9rcoles 3 de diciembre se realizar\u00e1 la presentaci\u00f3n de los seleccionados que representar\u00e1n a Tierra del Fuego en los Juegos Binacionales de la Araucan\u00eda que se desarrollar\u00e1n del 6 al 12 de diciembre en la provincia de La Pampa. Durante el evento se presentar\u00e1 tambi\u00e9n la nueva indumentaria oficial que utilizar\u00e1n los y las atletas en el certamen. El acto se har\u00e1 en simult\u00e1neo a partir de las 19 horas en el Sal\u00f3n del IPRA en Ushuaia, en la Casa del Deporte en Tolhuin y en el Anexo del Microestadio en R\u00edo Grande.<\/p>\n<p>Con el auspicio y la organizaci\u00f3n de la Secretar\u00eda de Deportes del Gobierno provincial los fueguinos participar\u00e1n en las disciplinas f\u00fatbol, basquet, voley, atletismo, nataci\u00f3n, ciclismo y judo, todos con equipos en ambas ramas.<\/p>\n<p>La provincia de La Pampa ser\u00e1 anfitriona del certamen que re\u00fane anualmente en sedes alternativas a m\u00e1s de dos mil deportistas de la Patagonia y las regiones del Sur chileno. Tierra del Fuego estar\u00e1 presente con alrededor de 150 deportistas en las distintas localidades pampeanas en donde se desplieguen las disciplinas.<\/p>\n<p>Los fueguinos viajar\u00e1n v\u00eda terrestre el pr\u00f3ximo jueves en cuatro colectivos que la Secretar\u00eda de Deportes contrat\u00f3 para la ocasi\u00f3n. La salida esta prevista de Ushuaia a las 7:00hs y de R\u00edo Grande a las 10:00hs, en tanto que el arribo de las delegaciones se proyecta para el s\u00e1bado 6 en horas del mediod\u00eda.<\/p>\n<p>Las sedes para esta ocasi\u00f3n ser\u00e1n: Santa Rosa: Judo (femenino y masculino), Futbol masculino, Basquet masculino y Atletismo (femenino y masculino). Miguel Riglos: Nataci\u00f3n (femenino y masculino), General Pico: futbol femenino, Toay: Ciclismo (femenino y masculino), General Acha: Basquet femenino, Ataliva Roca: Voley femenino y Eduardo Castex: Voley masculino.<\/p>\n<p>La competencia comenzar\u00e1 el pr\u00f3ximo domingo 7 de diciembre, pero el s\u00e1bado ser\u00e1 momento para las acreditaciones. A diferencia de otras ediciones, el Acto Central de Inauguraci\u00f3n ser\u00e1 el mismo domingo a las 20:00 horas en el Anfiteatro del Centro Civico de la ciudad de Santa Rosa. Tambien habr\u00e1 acto inaugural en el resto de las subsedes. La actividad competitiva oficial culminar\u00e1 el jueves 11 de diciembre con las finales en las respectivas disciplinas.<\/p>\n<p><img loading=\"lazy\" decoding=\"async\" class=\"alignnone size-medium wp-image-60464\" src=\"https:\/\/hablemosclarotdf.com.ar\/wp-content\/uploads\/2025\/12\/photo_2025-12-02_12-00-45-300x200.jpg\" alt=\"\" width=\"300\" height=\"200\" srcset=\"https:\/\/hablemosclarotdf.com.ar\/wp-content\/uploads\/2025\/12\/photo_2025-12-02_12-00-45-300x200.jpg 300w, https:\/\/hablemosclarotdf.com.ar\/wp-content\/uploads\/2025\/12\/photo_2025-12-02_12-00-45-1024x682.jpg 1024w, https:\/\/hablemosclarotdf.com.ar\/wp-content\/uploads\/2025\/12\/photo_2025-12-02_12-00-45-768x511.jpg 768w, https:\/\/hablemosclarotdf.com.ar\/wp-content\/uploads\/2025\/12\/photo_2025-12-02_12-00-45.jpg 1280w\" sizes=\"auto, (max-width: 300px) 100vw, 300px\" \/> <img loading=\"lazy\" decoding=\"async\" class=\"alignnone size-medium wp-image-60465\" src=\"https:\/\/hablemosclarotdf.com.ar\/wp-content\/uploads\/2025\/12\/photo_2025-12-02_12-00-50-300x200.jpg\" alt=\"\" width=\"300\" height=\"200\" srcset=\"https:\/\/hablemosclarotdf.com.ar\/wp-content\/uploads\/2025\/12\/photo_2025-12-02_12-00-50-300x200.jpg 300w, https:\/\/hablemosclarotdf.com.ar\/wp-content\/uploads\/2025\/12\/photo_2025-12-02_12-00-50-1024x682.jpg 1024w, https:\/\/hablemosclarotdf.com.ar\/wp-content\/uploads\/2025\/12\/photo_2025-12-02_12-00-50-768x512.jpg 768w, https:\/\/hablemosclarotdf.com.ar\/wp-content\/uploads\/2025\/12\/photo_2025-12-02_12-00-50.jpg 1280w\" sizes=\"auto, (max-width: 300px) 100vw, 300px\" \/> <img loading=\"lazy\" decoding=\"async\" class=\"alignnone size-medium wp-image-60466\" src=\"https:\/\/hablemosclarotdf.com.ar\/wp-content\/uploads\/2025\/12\/photo_2025-12-02_12-00-58-300x225.jpg\" alt=\"\" width=\"300\" height=\"225\" srcset=\"https:\/\/hablemosclarotdf.com.ar\/wp-content\/uploads\/2025\/12\/photo_2025-12-02_12-00-58-300x225.jpg 300w, https:\/\/hablemosclarotdf.com.ar\/wp-content\/uploads\/2025\/12\/photo_2025-12-02_12-00-58-1024x768.jpg 1024w, https:\/\/hablemosclarotdf.com.ar\/wp-content\/uploads\/2025\/12\/photo_2025-12-02_12-00-58-768x576.jpg 768w, https:\/\/hablemosclarotdf.com.ar\/wp-content\/uploads\/2025\/12\/photo_2025-12-02_12-00-58.jpg 1280w\" sizes=\"auto, (max-width: 300px) 100vw, 300px\" \/> <img loading=\"lazy\" decoding=\"async\" class=\"alignnone size-medium wp-image-60467\" src=\"https:\/\/hablemosclarotdf.com.ar\/wp-content\/uploads\/2025\/12\/photo_2025-12-02_12-01-07-300x200.jpg\" alt=\"\" width=\"300\" height=\"200\" srcset=\"https:\/\/hablemosclarotdf.com.ar\/wp-content\/uploads\/2025\/12\/photo_2025-12-02_12-01-07-300x200.jpg 300w, https:\/\/hablemosclarotdf.com.ar\/wp-content\/uploads\/2025\/12\/photo_2025-12-02_12-01-07-1024x682.jpg 1024w, https:\/\/hablemosclarotdf.com.ar\/wp-content\/uploads\/2025\/12\/photo_2025-12-02_12-01-07-768x511.jpg 768w, https:\/\/hablemosclarotdf.com.ar\/wp-content\/uploads\/2025\/12\/photo_2025-12-02_12-01-07.jpg 1280w\" sizes=\"auto, (max-width: 300px) 100vw, 300px\" \/> <img loading=\"lazy\" decoding=\"async\" class=\"alignnone size-medium wp-image-60468\" src=\"https:\/\/hablemosclarotdf.com.ar\/wp-content\/uploads\/2025\/12\/photo_2025-12-02_12-01-12-300x200.jpg\" alt=\"\" width=\"300\" height=\"200\" srcset=\"https:\/\/hablemosclarotdf.com.ar\/wp-content\/uploads\/2025\/12\/photo_2025-12-02_12-01-12-300x200.jpg 300w, https:\/\/hablemosclarotdf.com.ar\/wp-content\/uploads\/2025\/12\/photo_2025-12-02_12-01-12-1024x682.jpg 1024w, https:\/\/hablemosclarotdf.com.ar\/wp-content\/uploads\/2025\/12\/photo_2025-12-02_12-01-12-768x511.jpg 768w, https:\/\/hablemosclarotdf.com.ar\/wp-content\/uploads\/2025\/12\/photo_2025-12-02_12-01-12.jpg 1280w\" sizes=\"auto, (max-width: 300px) 100vw, 300px\" \/><\/p>\n","protected":false},"excerpt":{"rendered":"<p>Este mi\u00e9rcoles 3 de diciembre se realizar\u00e1 la presentaci\u00f3n de los seleccionados que representar\u00e1n a&#8230;<\/p>\n","protected":false},"author":1,"featured_media":60463,"comment_status":"closed","ping_status":"closed","sticky":false,"template":"","format":"standard","meta":{"footnotes":""},"categories":[3],"tags":[],"class_list":["post-60462","post","type-post","status-publish","format-standard","has-post-thumbnail","hentry","category-noticias"],"jetpack_featured_media_url":"https:\/\/hablemosclarotdf.com.ar\/wp-content\/uploads\/2025\/12\/photo_2025-12-02_12-00-40.jpg","_links":{"self":[{"href":"https:\/\/hablemosclarotdf.com.ar\/index.php?rest_route=\/wp\/v2\/posts\/60462","targetHints":{"allow":["GET"]}}],"collection":[{"href":"https:\/\/hablemosclarotdf.com.ar\/index.php?rest_route=\/wp\/v2\/posts"}],"about":[{"href":"https:\/\/hablemosclarotdf.com.ar\/index.php?rest_route=\/wp\/v2\/types\/post"}],"author":[{"embeddable":true,"href":"https:\/\/hablemosclarotdf.com.ar\/index.php?rest_route=\/wp\/v2\/users\/1"}],"replies":[{"embeddable":true,"href":"https:\/\/hablemosclarotdf.com.ar\/index.php?rest_route=%2Fwp%2Fv2%2Fcomments&post=60462"}],"version-history":[{"count":1,"href":"https:\/\/hablemosclarotdf.com.ar\/index.php?rest_route=\/wp\/v2\/posts\/60462\/revisions"}],"predecessor-version":[{"id":60469,"href":"https:\/\/hablemosclarotdf.com.ar\/index.php?rest_route=\/wp\/v2\/posts\/60462\/revisions\/60469"}],"wp:featuredmedia":[{"embeddable":true,"href":"https:\/\/hablemosclarotdf.com.ar\/index.php?rest_route=\/wp\/v2\/media\/60463"}],"wp:attachment":[{"href":"https:\/\/hablemosclarotdf.com.ar\/index.php?rest_route=%2Fwp%2Fv2%2Fmedia&parent=60462"}],"wp:term":[{"taxonomy":"category","embeddable":true,"href":"https:\/\/hablemosclarotdf.com.ar\/index.php?rest_route=%2Fwp%2Fv2%2Fcategories&post=60462"},{"taxonomy":"post_tag","embeddable":true,"href":"https:\/\/hablemosclarotdf.com.ar\/index.php?rest_route=%2Fwp%2Fv2%2Ftags&post=60462"}],"curies":[{"name":"wp","href":"https:\/\/api.w.org\/{rel}","templated":true}]}}