{"id":60455,"date":"2025-12-02T11:13:46","date_gmt":"2025-12-02T14:13:46","guid":{"rendered":"https:\/\/hablemosclarotdf.com.ar\/?p=60455"},"modified":"2025-12-02T11:13:46","modified_gmt":"2025-12-02T14:13:46","slug":"propuestas-culturales-y-recreativas-en-rio-grande-por-las-fiestas-de-fin-de-ano","status":"publish","type":"post","link":"https:\/\/hablemosclarotdf.com.ar\/?p=60455","title":{"rendered":"PROPUESTAS CULTURALES Y RECREATIVAS EN R\u00cdO GRANDE POR LAS FIESTAS DE FIN DE A\u00d1O"},"content":{"rendered":"<p>El Gobierno de la Provincia de Tierra del Fuego AIAS dar\u00e1 inicio a una amplia agenda de propuestas l\u00fadicas, recreativas y culturales en el marco de las fiestas de fin de a\u00f1o.<\/p>\n<p>Las actividades se desarrollar\u00e1n durante el mes de diciembre en distintos puntos de R\u00edo Grande y estar\u00e1n destinadas a todas las familias.<\/p>\n<p>En la Casa de la Alegr\u00eda ubicada en Las Azucenas 23 se realizar\u00e1n las siguientes actividades:<\/p>\n<p>Mi\u00e9rcoles 3 de diciembre<br \/>\nTaller de budines navide\u00f1os para ni\u00f1os y ni\u00f1as de 6 a 9 a\u00f1os, de 10:30 a 12hs &#8211; 15 a 17hs.<br \/>\nJueves 4 de diciembre<br \/>\nTaller de pan dulce para adultos de 15 a 17hs.<\/p>\n<p>Lunes 8 de diciembre<br \/>\nArmado de \u00e1rbol navide\u00f1o, juegos y merienda de 15 a 17hs.<br \/>\nDecoraci\u00f3n de galletas navide\u00f1as (4 a 6 a\u00f1os) de 15 a 17hs.<\/p>\n<p>Daniela D\u00edaz, Secretaria de Integraci\u00f3n Comunitaria, expres\u00f3 al respecto que \u201clas propuestas de este mes tienen como objetivo fortalecer el v\u00ednculo con la comunidad y generar espacios de encuentro para las familias de R\u00edo Grande. Buscamos fortalecer el trabajo realizado durante el a\u00f1o, ofreciendo talleres y actividades para todas las edades. Agradecemos a cada vecino y vecina por acompa\u00f1ar estas iniciativas\u201d.<\/p>\n<p>Adem\u00e1s, el s\u00e1bado 13 y domingo 14 de diciembre El Grinch y Pap\u00e1 Noel estar\u00e1n en la Plaza de los 100 A\u00f1os entregando golosinas y regalos para las infancias de la ciudad de 16 a 18hs. Finalmente, el viernes 19 de diciembre se realizar\u00e1 una b\u00fasqueda del tesoro en la Plaza Almirante Brown de 15 a 17hs.<\/p>\n<p><img loading=\"lazy\" decoding=\"async\" class=\"alignnone size-medium wp-image-60457\" src=\"https:\/\/hablemosclarotdf.com.ar\/wp-content\/uploads\/2025\/12\/photo_2025-12-02_11-12-02-300x199.jpg\" alt=\"\" width=\"300\" height=\"199\" srcset=\"https:\/\/hablemosclarotdf.com.ar\/wp-content\/uploads\/2025\/12\/photo_2025-12-02_11-12-02-300x199.jpg 300w, https:\/\/hablemosclarotdf.com.ar\/wp-content\/uploads\/2025\/12\/photo_2025-12-02_11-12-02-1024x681.jpg 1024w, https:\/\/hablemosclarotdf.com.ar\/wp-content\/uploads\/2025\/12\/photo_2025-12-02_11-12-02-768x511.jpg 768w, https:\/\/hablemosclarotdf.com.ar\/wp-content\/uploads\/2025\/12\/photo_2025-12-02_11-12-02.jpg 1280w\" sizes=\"auto, (max-width: 300px) 100vw, 300px\" \/> <img loading=\"lazy\" decoding=\"async\" class=\"alignnone size-medium wp-image-60458\" src=\"https:\/\/hablemosclarotdf.com.ar\/wp-content\/uploads\/2025\/12\/photo_2025-12-02_11-12-06-300x200.jpg\" alt=\"\" width=\"300\" height=\"200\" srcset=\"https:\/\/hablemosclarotdf.com.ar\/wp-content\/uploads\/2025\/12\/photo_2025-12-02_11-12-06-300x200.jpg 300w, https:\/\/hablemosclarotdf.com.ar\/wp-content\/uploads\/2025\/12\/photo_2025-12-02_11-12-06-1024x682.jpg 1024w, https:\/\/hablemosclarotdf.com.ar\/wp-content\/uploads\/2025\/12\/photo_2025-12-02_11-12-06-768x511.jpg 768w, https:\/\/hablemosclarotdf.com.ar\/wp-content\/uploads\/2025\/12\/photo_2025-12-02_11-12-06.jpg 1280w\" sizes=\"auto, (max-width: 300px) 100vw, 300px\" \/> <img loading=\"lazy\" decoding=\"async\" class=\"alignnone size-medium wp-image-60459\" src=\"https:\/\/hablemosclarotdf.com.ar\/wp-content\/uploads\/2025\/12\/photo_2025-12-02_11-12-11-300x200.jpg\" alt=\"\" width=\"300\" height=\"200\" srcset=\"https:\/\/hablemosclarotdf.com.ar\/wp-content\/uploads\/2025\/12\/photo_2025-12-02_11-12-11-300x200.jpg 300w, https:\/\/hablemosclarotdf.com.ar\/wp-content\/uploads\/2025\/12\/photo_2025-12-02_11-12-11-1024x682.jpg 1024w, https:\/\/hablemosclarotdf.com.ar\/wp-content\/uploads\/2025\/12\/photo_2025-12-02_11-12-11-768x511.jpg 768w, https:\/\/hablemosclarotdf.com.ar\/wp-content\/uploads\/2025\/12\/photo_2025-12-02_11-12-11.jpg 1280w\" sizes=\"auto, (max-width: 300px) 100vw, 300px\" \/> <img loading=\"lazy\" decoding=\"async\" class=\"alignnone size-medium wp-image-60460\" src=\"https:\/\/hablemosclarotdf.com.ar\/wp-content\/uploads\/2025\/12\/photo_2025-12-02_11-12-16-300x200.jpg\" alt=\"\" width=\"300\" height=\"200\" srcset=\"https:\/\/hablemosclarotdf.com.ar\/wp-content\/uploads\/2025\/12\/photo_2025-12-02_11-12-16-300x200.jpg 300w, https:\/\/hablemosclarotdf.com.ar\/wp-content\/uploads\/2025\/12\/photo_2025-12-02_11-12-16-1024x682.jpg 1024w, https:\/\/hablemosclarotdf.com.ar\/wp-content\/uploads\/2025\/12\/photo_2025-12-02_11-12-16-768x511.jpg 768w, https:\/\/hablemosclarotdf.com.ar\/wp-content\/uploads\/2025\/12\/photo_2025-12-02_11-12-16.jpg 1280w\" sizes=\"auto, (max-width: 300px) 100vw, 300px\" \/><\/p>\n","protected":false},"excerpt":{"rendered":"<p>El Gobierno de la Provincia de Tierra del Fuego AIAS dar\u00e1 inicio a una amplia&#8230;<\/p>\n","protected":false},"author":1,"featured_media":60456,"comment_status":"closed","ping_status":"closed","sticky":false,"template":"","format":"standard","meta":{"footnotes":""},"categories":[3],"tags":[],"class_list":["post-60455","post","type-post","status-publish","format-standard","has-post-thumbnail","hentry","category-noticias"],"jetpack_featured_media_url":"https:\/\/hablemosclarotdf.com.ar\/wp-content\/uploads\/2025\/12\/photo_2025-12-02_11-11-54.jpg","_links":{"self":[{"href":"https:\/\/hablemosclarotdf.com.ar\/index.php?rest_route=\/wp\/v2\/posts\/60455","targetHints":{"allow":["GET"]}}],"collection":[{"href":"https:\/\/hablemosclarotdf.com.ar\/index.php?rest_route=\/wp\/v2\/posts"}],"about":[{"href":"https:\/\/hablemosclarotdf.com.ar\/index.php?rest_route=\/wp\/v2\/types\/post"}],"author":[{"embeddable":true,"href":"https:\/\/hablemosclarotdf.com.ar\/index.php?rest_route=\/wp\/v2\/users\/1"}],"replies":[{"embeddable":true,"href":"https:\/\/hablemosclarotdf.com.ar\/index.php?rest_route=%2Fwp%2Fv2%2Fcomments&post=60455"}],"version-history":[{"count":1,"href":"https:\/\/hablemosclarotdf.com.ar\/index.php?rest_route=\/wp\/v2\/posts\/60455\/revisions"}],"predecessor-version":[{"id":60461,"href":"https:\/\/hablemosclarotdf.com.ar\/index.php?rest_route=\/wp\/v2\/posts\/60455\/revisions\/60461"}],"wp:featuredmedia":[{"embeddable":true,"href":"https:\/\/hablemosclarotdf.com.ar\/index.php?rest_route=\/wp\/v2\/media\/60456"}],"wp:attachment":[{"href":"https:\/\/hablemosclarotdf.com.ar\/index.php?rest_route=%2Fwp%2Fv2%2Fmedia&parent=60455"}],"wp:term":[{"taxonomy":"category","embeddable":true,"href":"https:\/\/hablemosclarotdf.com.ar\/index.php?rest_route=%2Fwp%2Fv2%2Fcategories&post=60455"},{"taxonomy":"post_tag","embeddable":true,"href":"https:\/\/hablemosclarotdf.com.ar\/index.php?rest_route=%2Fwp%2Fv2%2Ftags&post=60455"}],"curies":[{"name":"wp","href":"https:\/\/api.w.org\/{rel}","templated":true}]}}