{"id":60450,"date":"2025-12-02T11:10:27","date_gmt":"2025-12-02T14:10:27","guid":{"rendered":"https:\/\/hablemosclarotdf.com.ar\/?p=60450"},"modified":"2025-12-02T11:10:27","modified_gmt":"2025-12-02T14:10:27","slug":"rio-grande-fiesta-municipal-del-encendido-del-arbolito-expectativa-hotelera-ante-la-llegada-de-luck-ra","status":"publish","type":"post","link":"https:\/\/hablemosclarotdf.com.ar\/?p=60450","title":{"rendered":"RIO GRANDE : FIESTA MUNICIPAL DEL ENCENDIDO DEL ARBOLITO: EXPECTATIVA HOTELERA ANTE LA LLEGADA DE LUCK RA"},"content":{"rendered":"<p>A una semana del evento, en algunos lugares se confirman plazas superiores al 60% de ocupaci\u00f3n de cara a este fin de semana, con la expectativa de la llegada de Lukra como artista principal. Cabe destacar que esto se suma a la realizaci\u00f3n del CorderRock, iniciativa privada que tambi\u00e9n tendr\u00e1 lugares con bandas de orden nacional y local.<\/p>\n<p>El Encendido del \u00c1rbol m\u00e1s grande del pa\u00eds se ha convertido en un evento emblem\u00e1tico que re\u00fane a la comunidad en una jornada colmada de m\u00fasica, actividades y color. Este a\u00f1o, quienes se acerquen podr\u00e1n disfrutar de un espect\u00e1culo central a cargo de Luck Ra, lo que ha generado gran expectativa.<\/p>\n<p>Durante el fin de semana, cientos de visitantes de distintos puntos de la regi\u00f3n llegar\u00e1n a R\u00edo Grande para ser parte de esta celebraci\u00f3n que ya forma parte de la identidad local.<\/p>\n<p>En la antesala de esta multitudinaria fiesta, la ciudad registra un notable nivel de ocupaci\u00f3n hotelera, con un 60% de capacidad de reservas para el fin de semana. La llegada de turistas tambi\u00e9n dinamizar\u00e1 otros sectores, como comercios, restaurantes, bares y locales nocturnos.<\/p>\n<p>Las expectativas son altas, especialmente si se considera que el a\u00f1o pasado, durante la misma festividad, la ocupaci\u00f3n hotelera super\u00f3 el 90% y se registraron importantes ingresos en el rubro gastron\u00f3mico.<\/p>\n<p>De esta manera, adem\u00e1s de ofrecer espacios de disfrute y encuentro, el Municipio contin\u00faa promoviendo empleo, fortaleciendo la actividad econ\u00f3mica y consolidando a R\u00edo Grande como un destino tur\u00edstico en crecimiento.<\/p>\n<p><img loading=\"lazy\" decoding=\"async\" class=\"alignnone size-medium wp-image-60452\" src=\"https:\/\/hablemosclarotdf.com.ar\/wp-content\/uploads\/2025\/12\/photo_2025-12-02_11-09-29-300x200.jpg\" alt=\"\" width=\"300\" height=\"200\" srcset=\"https:\/\/hablemosclarotdf.com.ar\/wp-content\/uploads\/2025\/12\/photo_2025-12-02_11-09-29-300x200.jpg 300w, https:\/\/hablemosclarotdf.com.ar\/wp-content\/uploads\/2025\/12\/photo_2025-12-02_11-09-29-1024x683.jpg 1024w, https:\/\/hablemosclarotdf.com.ar\/wp-content\/uploads\/2025\/12\/photo_2025-12-02_11-09-29-768x512.jpg 768w, https:\/\/hablemosclarotdf.com.ar\/wp-content\/uploads\/2025\/12\/photo_2025-12-02_11-09-29.jpg 1280w\" sizes=\"auto, (max-width: 300px) 100vw, 300px\" \/> <img loading=\"lazy\" decoding=\"async\" class=\"alignnone size-medium wp-image-60453\" src=\"https:\/\/hablemosclarotdf.com.ar\/wp-content\/uploads\/2025\/12\/photo_2025-12-02_11-09-33-300x200.jpg\" alt=\"\" width=\"300\" height=\"200\" srcset=\"https:\/\/hablemosclarotdf.com.ar\/wp-content\/uploads\/2025\/12\/photo_2025-12-02_11-09-33-300x200.jpg 300w, https:\/\/hablemosclarotdf.com.ar\/wp-content\/uploads\/2025\/12\/photo_2025-12-02_11-09-33-1024x683.jpg 1024w, https:\/\/hablemosclarotdf.com.ar\/wp-content\/uploads\/2025\/12\/photo_2025-12-02_11-09-33-768x512.jpg 768w, https:\/\/hablemosclarotdf.com.ar\/wp-content\/uploads\/2025\/12\/photo_2025-12-02_11-09-33.jpg 1280w\" sizes=\"auto, (max-width: 300px) 100vw, 300px\" \/><\/p>\n","protected":false},"excerpt":{"rendered":"<p>A una semana del evento, en algunos lugares se confirman plazas superiores al 60% de&#8230;<\/p>\n","protected":false},"author":1,"featured_media":60451,"comment_status":"closed","ping_status":"closed","sticky":false,"template":"","format":"standard","meta":{"footnotes":""},"categories":[3],"tags":[],"class_list":["post-60450","post","type-post","status-publish","format-standard","has-post-thumbnail","hentry","category-noticias"],"jetpack_featured_media_url":"https:\/\/hablemosclarotdf.com.ar\/wp-content\/uploads\/2025\/12\/photo_2025-12-02_11-09-19.jpg","_links":{"self":[{"href":"https:\/\/hablemosclarotdf.com.ar\/index.php?rest_route=\/wp\/v2\/posts\/60450","targetHints":{"allow":["GET"]}}],"collection":[{"href":"https:\/\/hablemosclarotdf.com.ar\/index.php?rest_route=\/wp\/v2\/posts"}],"about":[{"href":"https:\/\/hablemosclarotdf.com.ar\/index.php?rest_route=\/wp\/v2\/types\/post"}],"author":[{"embeddable":true,"href":"https:\/\/hablemosclarotdf.com.ar\/index.php?rest_route=\/wp\/v2\/users\/1"}],"replies":[{"embeddable":true,"href":"https:\/\/hablemosclarotdf.com.ar\/index.php?rest_route=%2Fwp%2Fv2%2Fcomments&post=60450"}],"version-history":[{"count":1,"href":"https:\/\/hablemosclarotdf.com.ar\/index.php?rest_route=\/wp\/v2\/posts\/60450\/revisions"}],"predecessor-version":[{"id":60454,"href":"https:\/\/hablemosclarotdf.com.ar\/index.php?rest_route=\/wp\/v2\/posts\/60450\/revisions\/60454"}],"wp:featuredmedia":[{"embeddable":true,"href":"https:\/\/hablemosclarotdf.com.ar\/index.php?rest_route=\/wp\/v2\/media\/60451"}],"wp:attachment":[{"href":"https:\/\/hablemosclarotdf.com.ar\/index.php?rest_route=%2Fwp%2Fv2%2Fmedia&parent=60450"}],"wp:term":[{"taxonomy":"category","embeddable":true,"href":"https:\/\/hablemosclarotdf.com.ar\/index.php?rest_route=%2Fwp%2Fv2%2Fcategories&post=60450"},{"taxonomy":"post_tag","embeddable":true,"href":"https:\/\/hablemosclarotdf.com.ar\/index.php?rest_route=%2Fwp%2Fv2%2Ftags&post=60450"}],"curies":[{"name":"wp","href":"https:\/\/api.w.org\/{rel}","templated":true}]}}