{"id":60419,"date":"2025-12-01T19:33:31","date_gmt":"2025-12-01T22:33:31","guid":{"rendered":"https:\/\/hablemosclarotdf.com.ar\/?p=60419"},"modified":"2025-12-01T19:33:31","modified_gmt":"2025-12-01T22:33:31","slug":"cuerpo-y-alma-en-movimiento-un-exito-el-encuentro-que-combino-concientizacion-y-yoga-en-rio-grande","status":"publish","type":"post","link":"https:\/\/hablemosclarotdf.com.ar\/?p=60419","title":{"rendered":"\u201cCUERPO Y ALMA EN MOVIMIENTO\u201d: UN \u00c9XITO EL ENCUENTRO QUE COMBIN\u00d3 CONCIENTIZACI\u00d3N Y YOGA EN R\u00cdO GRANDE"},"content":{"rendered":"<p>Con una importante concurrencia, el Polideportivo Mar\u00eda Auxiliadora fue el escenario del encuentro \u201cCuerpo y Alma en Movimiento\u201d, una innovadora jornada que integr\u00f3 una charla informativa sobre c\u00e1ncer de mama y una pr\u00e1ctica guiada de yoga, promoviendo el bienestar integral.<\/p>\n<p>La actividad comenz\u00f3 con una enriquecedora charla a cargo de la doctora Anabella Pastotelli, quien, con un lenguaje claro y cercano, abord\u00f3 los diferentes factores de riesgo que pueden incidir en el desarrollo del c\u00e1ncer de mama, patolog\u00eda que, si bien es m\u00e1s frecuente en mujeres, tambi\u00e9n puede afectar a varones. La profesional explic\u00f3 aspectos como la edad, la carga gen\u00e9tica y los h\u00e1bitos de consumo, haciendo especial hincapi\u00e9 en la incidencia del tabaco y el alcohol.<\/p>\n<p>M\u00e1s all\u00e1 de los factores de riesgo, la doctora Pastotelli destac\u00f3 la importancia de un estilo de vida saludable como herramienta fundamental de prevenci\u00f3n. \u201cEs clave revisar c\u00f3mo vivimos, qu\u00e9 consumimos y c\u00f3mo es nuestro autocuidado. Meditar o practicar yoga, hacer actividad f\u00edsica, alimentarnos bien y tomar agua, todo eso nos hace bien\u201d, subray\u00f3 durante su exposici\u00f3n, resaltando tambi\u00e9n el valor de la salud mental y la inteligencia emocional.<\/p>\n<p>Un punto central de su intervenci\u00f3n fue la relevancia de la detecci\u00f3n temprana. Enfatiz\u00f3 la pr\u00e1ctica del autoexamen mamario, la realizaci\u00f3n de los estudios m\u00e9dicos indicados por profesionales y la necesidad de estar atentos a cualquier cambio en mamas o axilas.<\/p>\n<p>La primera parte del encuentro concluy\u00f3 con un activo espacio de preguntas, donde las participantes pudieron despejar dudas, compartir experiencias y profundizar en los temas expuestos, generando un valioso intercambio de saberes.<\/p>\n<p>Como cierre para la jornada, la instructora Cynthia Oyarzo gui\u00f3 a los presentes en una pr\u00e1ctica de yoga. La sesi\u00f3n se centr\u00f3 en la respiraci\u00f3n consciente y en ejercicios articulares, ofreciendo un momento de conexi\u00f3n, relajaci\u00f3n y armon\u00eda entre el cuerpo y la mente. Este espacio permiti\u00f3 aplicar, desde la pr\u00e1ctica corporal, muchos de los conceptos de autocuidado mencionados anteriormente.<\/p>\n<p>El encuentro \u201cCuerpo y Alma en Movimiento\u201d logr\u00f3 as\u00ed su objetivo: crear un espacio comunitario donde la informaci\u00f3n profesional y la pr\u00e1ctica del autocuidado se unieron para promover una salud integral, abordando la prevenci\u00f3n desde una perspectiva hol\u00edstica y accesible para todos los asistentes.<\/p>\n<p><img loading=\"lazy\" decoding=\"async\" class=\"alignnone size-medium wp-image-60421\" src=\"https:\/\/hablemosclarotdf.com.ar\/wp-content\/uploads\/2025\/12\/photo_2025-12-01_19-32-30-300x200.jpg\" alt=\"\" width=\"300\" height=\"200\" srcset=\"https:\/\/hablemosclarotdf.com.ar\/wp-content\/uploads\/2025\/12\/photo_2025-12-01_19-32-30-300x200.jpg 300w, https:\/\/hablemosclarotdf.com.ar\/wp-content\/uploads\/2025\/12\/photo_2025-12-01_19-32-30-1024x682.jpg 1024w, https:\/\/hablemosclarotdf.com.ar\/wp-content\/uploads\/2025\/12\/photo_2025-12-01_19-32-30-768x512.jpg 768w, https:\/\/hablemosclarotdf.com.ar\/wp-content\/uploads\/2025\/12\/photo_2025-12-01_19-32-30.jpg 1280w\" sizes=\"auto, (max-width: 300px) 100vw, 300px\" \/> <img loading=\"lazy\" decoding=\"async\" class=\"alignnone size-medium wp-image-60422\" src=\"https:\/\/hablemosclarotdf.com.ar\/wp-content\/uploads\/2025\/12\/photo_2025-12-01_19-32-34-300x200.jpg\" alt=\"\" width=\"300\" height=\"200\" srcset=\"https:\/\/hablemosclarotdf.com.ar\/wp-content\/uploads\/2025\/12\/photo_2025-12-01_19-32-34-300x200.jpg 300w, https:\/\/hablemosclarotdf.com.ar\/wp-content\/uploads\/2025\/12\/photo_2025-12-01_19-32-34-1024x682.jpg 1024w, https:\/\/hablemosclarotdf.com.ar\/wp-content\/uploads\/2025\/12\/photo_2025-12-01_19-32-34-768x512.jpg 768w, https:\/\/hablemosclarotdf.com.ar\/wp-content\/uploads\/2025\/12\/photo_2025-12-01_19-32-34.jpg 1280w\" sizes=\"auto, (max-width: 300px) 100vw, 300px\" \/> <img loading=\"lazy\" decoding=\"async\" class=\"alignnone size-medium wp-image-60423\" src=\"https:\/\/hablemosclarotdf.com.ar\/wp-content\/uploads\/2025\/12\/photo_2025-12-01_19-32-38-300x200.jpg\" alt=\"\" width=\"300\" height=\"200\" srcset=\"https:\/\/hablemosclarotdf.com.ar\/wp-content\/uploads\/2025\/12\/photo_2025-12-01_19-32-38-300x200.jpg 300w, https:\/\/hablemosclarotdf.com.ar\/wp-content\/uploads\/2025\/12\/photo_2025-12-01_19-32-38-1024x682.jpg 1024w, https:\/\/hablemosclarotdf.com.ar\/wp-content\/uploads\/2025\/12\/photo_2025-12-01_19-32-38-768x512.jpg 768w, https:\/\/hablemosclarotdf.com.ar\/wp-content\/uploads\/2025\/12\/photo_2025-12-01_19-32-38.jpg 1280w\" sizes=\"auto, (max-width: 300px) 100vw, 300px\" \/><\/p>\n","protected":false},"excerpt":{"rendered":"<p>Con una importante concurrencia, el Polideportivo Mar\u00eda Auxiliadora fue el escenario del encuentro \u201cCuerpo y&#8230;<\/p>\n","protected":false},"author":1,"featured_media":60420,"comment_status":"closed","ping_status":"closed","sticky":false,"template":"","format":"standard","meta":{"footnotes":""},"categories":[3],"tags":[],"class_list":["post-60419","post","type-post","status-publish","format-standard","has-post-thumbnail","hentry","category-noticias"],"jetpack_featured_media_url":"https:\/\/hablemosclarotdf.com.ar\/wp-content\/uploads\/2025\/12\/photo_2025-12-01_19-32-20.jpg","_links":{"self":[{"href":"https:\/\/hablemosclarotdf.com.ar\/index.php?rest_route=\/wp\/v2\/posts\/60419","targetHints":{"allow":["GET"]}}],"collection":[{"href":"https:\/\/hablemosclarotdf.com.ar\/index.php?rest_route=\/wp\/v2\/posts"}],"about":[{"href":"https:\/\/hablemosclarotdf.com.ar\/index.php?rest_route=\/wp\/v2\/types\/post"}],"author":[{"embeddable":true,"href":"https:\/\/hablemosclarotdf.com.ar\/index.php?rest_route=\/wp\/v2\/users\/1"}],"replies":[{"embeddable":true,"href":"https:\/\/hablemosclarotdf.com.ar\/index.php?rest_route=%2Fwp%2Fv2%2Fcomments&post=60419"}],"version-history":[{"count":1,"href":"https:\/\/hablemosclarotdf.com.ar\/index.php?rest_route=\/wp\/v2\/posts\/60419\/revisions"}],"predecessor-version":[{"id":60424,"href":"https:\/\/hablemosclarotdf.com.ar\/index.php?rest_route=\/wp\/v2\/posts\/60419\/revisions\/60424"}],"wp:featuredmedia":[{"embeddable":true,"href":"https:\/\/hablemosclarotdf.com.ar\/index.php?rest_route=\/wp\/v2\/media\/60420"}],"wp:attachment":[{"href":"https:\/\/hablemosclarotdf.com.ar\/index.php?rest_route=%2Fwp%2Fv2%2Fmedia&parent=60419"}],"wp:term":[{"taxonomy":"category","embeddable":true,"href":"https:\/\/hablemosclarotdf.com.ar\/index.php?rest_route=%2Fwp%2Fv2%2Fcategories&post=60419"},{"taxonomy":"post_tag","embeddable":true,"href":"https:\/\/hablemosclarotdf.com.ar\/index.php?rest_route=%2Fwp%2Fv2%2Ftags&post=60419"}],"curies":[{"name":"wp","href":"https:\/\/api.w.org\/{rel}","templated":true}]}}