{"id":60411,"date":"2025-12-01T19:28:11","date_gmt":"2025-12-01T22:28:11","guid":{"rendered":"https:\/\/hablemosclarotdf.com.ar\/?p=60411"},"modified":"2025-12-01T19:28:11","modified_gmt":"2025-12-01T22:28:11","slug":"ushuaia-se-abrio-la-inscripcion-para-la-expo-navidena-xxl-de-la-municipalidad-de-ushuaia","status":"publish","type":"post","link":"https:\/\/hablemosclarotdf.com.ar\/?p=60411","title":{"rendered":"USHUAIA : SE ABRI\u00d3 LA INSCRIPCI\u00d3N PARA LA EXPO NAVIDE\u00d1A XXL DE LA MUNICIPALIDAD DE USHUAIA"},"content":{"rendered":"<p>Se realizar\u00e1 del 20 al 23 de diciembre<\/p>\n<p>Emprendedores y emprendedoras de Ushuaia ya pueden inscribirse para la Expo Emprendiendo Navidad que se realizar\u00e1 los d\u00edas 20, 21, 22 y 23 de diciembre en el microestadio municipal \u201cCochocho\u201d Vargas, organizada por la Municipalidad capitalina a trav\u00e9s de la Secretar\u00eda de Pol\u00edticas Sociales, Sanitarias y Derechos Humanos.<br \/>\nEsta nueva edici\u00f3n tiene como objetivo fortalecer la econom\u00eda local y acompa\u00f1ar a las familias en las compras de fin de a\u00f1o. Los feriantes interesados en participar pueden inscribirse v\u00eda online en https:\/\/inscripciones.website\/expo-emprendiendo\/.<br \/>\nLa secretaria de Pol\u00edticas Sociales, Sanitarias y Derechos Humanos, Yanira Mart\u00ednez, sostuvo que \u201cqueremos que cada vecino y vecina encuentre en un mismo lugar opciones accesibles para estas fiestas, y que al mismo tiempo sigamos impulsando el trabajo de quienes producen en nuestra ciudad\u201d.<br \/>\n\u201cLa Expo Emprendiendo Navidad es una oportunidad para fortalecer la econom\u00eda local y acompa\u00f1ar a las familias emprendedoras en el momento del a\u00f1o con mayor movimiento comercial\u201d, enfatiz\u00f3.<br \/>\nPor \u00faltimo, resalt\u00f3 adem\u00e1s el rol de las ferias como \u201cherramienta de crecimiento y participaci\u00f3n comunitaria\u201d, y en esa l\u00ednea destac\u00f3 que \u201ccada edici\u00f3n refleja el esfuerzo, la creatividad y la identidad de nuestros emprendedores, y por eso invitamos a vecinos y vecinas a acercarse, recorrer y apoyar el trabajo local\u201d.<\/p>\n","protected":false},"excerpt":{"rendered":"<p>Se realizar\u00e1 del 20 al 23 de diciembre Emprendedores y emprendedoras de Ushuaia ya pueden&#8230;<\/p>\n","protected":false},"author":1,"featured_media":60412,"comment_status":"closed","ping_status":"closed","sticky":false,"template":"","format":"standard","meta":{"footnotes":""},"categories":[3],"tags":[],"class_list":["post-60411","post","type-post","status-publish","format-standard","has-post-thumbnail","hentry","category-noticias"],"jetpack_featured_media_url":"https:\/\/hablemosclarotdf.com.ar\/wp-content\/uploads\/2025\/12\/photo_2025-12-01_19-27-34.jpg","_links":{"self":[{"href":"https:\/\/hablemosclarotdf.com.ar\/index.php?rest_route=\/wp\/v2\/posts\/60411","targetHints":{"allow":["GET"]}}],"collection":[{"href":"https:\/\/hablemosclarotdf.com.ar\/index.php?rest_route=\/wp\/v2\/posts"}],"about":[{"href":"https:\/\/hablemosclarotdf.com.ar\/index.php?rest_route=\/wp\/v2\/types\/post"}],"author":[{"embeddable":true,"href":"https:\/\/hablemosclarotdf.com.ar\/index.php?rest_route=\/wp\/v2\/users\/1"}],"replies":[{"embeddable":true,"href":"https:\/\/hablemosclarotdf.com.ar\/index.php?rest_route=%2Fwp%2Fv2%2Fcomments&post=60411"}],"version-history":[{"count":1,"href":"https:\/\/hablemosclarotdf.com.ar\/index.php?rest_route=\/wp\/v2\/posts\/60411\/revisions"}],"predecessor-version":[{"id":60414,"href":"https:\/\/hablemosclarotdf.com.ar\/index.php?rest_route=\/wp\/v2\/posts\/60411\/revisions\/60414"}],"wp:featuredmedia":[{"embeddable":true,"href":"https:\/\/hablemosclarotdf.com.ar\/index.php?rest_route=\/wp\/v2\/media\/60412"}],"wp:attachment":[{"href":"https:\/\/hablemosclarotdf.com.ar\/index.php?rest_route=%2Fwp%2Fv2%2Fmedia&parent=60411"}],"wp:term":[{"taxonomy":"category","embeddable":true,"href":"https:\/\/hablemosclarotdf.com.ar\/index.php?rest_route=%2Fwp%2Fv2%2Fcategories&post=60411"},{"taxonomy":"post_tag","embeddable":true,"href":"https:\/\/hablemosclarotdf.com.ar\/index.php?rest_route=%2Fwp%2Fv2%2Ftags&post=60411"}],"curies":[{"name":"wp","href":"https:\/\/api.w.org\/{rel}","templated":true}]}}