{"id":60391,"date":"2025-12-01T19:18:37","date_gmt":"2025-12-01T22:18:37","guid":{"rendered":"https:\/\/hablemosclarotdf.com.ar\/?p=60391"},"modified":"2025-12-01T19:18:37","modified_gmt":"2025-12-01T22:18:37","slug":"ushuaia-el-municipio-lanza-el-concurso-de-fotografia-enfocate-en-tus-derechos","status":"publish","type":"post","link":"https:\/\/hablemosclarotdf.com.ar\/?p=60391","title":{"rendered":"USHUAIA : EL MUNICIPIO  LANZA EL CONCURSO DE FOTOGRAF\u00cdA \u201cENFOCATE EN TUS DERECHOS\u201d"},"content":{"rendered":"<p>La Municipalidad de Ushuaia, por intermedio de la Secretar\u00eda de Pol\u00edticas Sociales, Sanitarias y Derechos Humanos, invita a las juventudes de la ciudad a participar en la primera edici\u00f3n del Concurso de Fotograf\u00eda \u201cEnfocate en tus Derechos\u201d, propuesta que busca promover la expresi\u00f3n art\u00edstica y la reflexi\u00f3n sobre los derechos de ni\u00f1as, ni\u00f1os y adolescentes.<br \/>\nLa convocatoria est\u00e1 dirigida a j\u00f3venes de 12 a 18 a\u00f1os, quienes podr\u00e1n participar enviando una \u00fanica fotograf\u00eda original en formato JPG o PNG inspirada en tem\u00e1ticas vinculadas a los Derechos Humanos.<br \/>\nLas obras deber\u00e1n respetar las condiciones de presentaci\u00f3n: sin marcas de agua, sin texto sobre la imagen y tomadas con cualquier dispositivo fotogr\u00e1fico, ya sea celular o c\u00e1mara digital.<br \/>\nLas inscripciones estar\u00e1n abiertas hasta el 5 de diciembre a las 21 y los interesados en participar deben registrarse v\u00eda formulario online en https:\/\/inscripciones.website\/concurso-de-fotografia-enfocate-en-tus-derechos\/, disponible en los canales oficiales de la Secretar\u00eda y de la Municipalidad de Ushuaia.<br \/>\nLa fotograf\u00eda ganadora por votaci\u00f3n del p\u00fablico se anunciar\u00e1 el 9 de diciembre en el marco del Mes de los Derechos Humanos, y la entrega de premios se realizar\u00e1 el 10 de diciembre.<br \/>\nLa secretaria de Pol\u00edticas Sociales, Sanitarias y Derechos Humanos, Yanira Mart\u00ednez, destac\u00f3 que \u201ceste concurso invita a las juventudes a expresarse desde su propia mirada y a contar, a trav\u00e9s de la fotograf\u00eda, c\u00f3mo viven y sienten sus derechos\u201d.<br \/>\n\u201cQueremos darles un espacio real de participaci\u00f3n, de creatividad y de construcci\u00f3n colectiva acompa\u00f1\u00e1ndolos a poner el foco en aquello que les importa y los representa\u201d, concluy\u00f3 la funcionaria.<\/p>\n","protected":false},"excerpt":{"rendered":"<p>La Municipalidad de Ushuaia, por intermedio de la Secretar\u00eda de Pol\u00edticas Sociales, Sanitarias y Derechos&#8230;<\/p>\n","protected":false},"author":1,"featured_media":60392,"comment_status":"closed","ping_status":"closed","sticky":false,"template":"","format":"standard","meta":{"footnotes":""},"categories":[3],"tags":[],"class_list":["post-60391","post","type-post","status-publish","format-standard","has-post-thumbnail","hentry","category-noticias"],"jetpack_featured_media_url":"https:\/\/hablemosclarotdf.com.ar\/wp-content\/uploads\/2025\/12\/photo_2025-12-01_19-18-08.jpg","_links":{"self":[{"href":"https:\/\/hablemosclarotdf.com.ar\/index.php?rest_route=\/wp\/v2\/posts\/60391","targetHints":{"allow":["GET"]}}],"collection":[{"href":"https:\/\/hablemosclarotdf.com.ar\/index.php?rest_route=\/wp\/v2\/posts"}],"about":[{"href":"https:\/\/hablemosclarotdf.com.ar\/index.php?rest_route=\/wp\/v2\/types\/post"}],"author":[{"embeddable":true,"href":"https:\/\/hablemosclarotdf.com.ar\/index.php?rest_route=\/wp\/v2\/users\/1"}],"replies":[{"embeddable":true,"href":"https:\/\/hablemosclarotdf.com.ar\/index.php?rest_route=%2Fwp%2Fv2%2Fcomments&post=60391"}],"version-history":[{"count":1,"href":"https:\/\/hablemosclarotdf.com.ar\/index.php?rest_route=\/wp\/v2\/posts\/60391\/revisions"}],"predecessor-version":[{"id":60393,"href":"https:\/\/hablemosclarotdf.com.ar\/index.php?rest_route=\/wp\/v2\/posts\/60391\/revisions\/60393"}],"wp:featuredmedia":[{"embeddable":true,"href":"https:\/\/hablemosclarotdf.com.ar\/index.php?rest_route=\/wp\/v2\/media\/60392"}],"wp:attachment":[{"href":"https:\/\/hablemosclarotdf.com.ar\/index.php?rest_route=%2Fwp%2Fv2%2Fmedia&parent=60391"}],"wp:term":[{"taxonomy":"category","embeddable":true,"href":"https:\/\/hablemosclarotdf.com.ar\/index.php?rest_route=%2Fwp%2Fv2%2Fcategories&post=60391"},{"taxonomy":"post_tag","embeddable":true,"href":"https:\/\/hablemosclarotdf.com.ar\/index.php?rest_route=%2Fwp%2Fv2%2Ftags&post=60391"}],"curies":[{"name":"wp","href":"https:\/\/api.w.org\/{rel}","templated":true}]}}